{"id":8182,"date":"2014-03-01T14:27:46","date_gmt":"2014-03-01T12:27:46","guid":{"rendered":"http:\/\/www.ades-grenoble.org\/wordpress\/?p=8182"},"modified":"2014-03-01T14:27:46","modified_gmt":"2014-03-01T12:27:46","slug":"la-videosurveillance-nest-pas-efficace-et-tres-chere","status":"publish","type":"post","link":"https:\/\/www.ades-grenoble.org\/wordpress\/2014\/03\/01\/la-videosurveillance-nest-pas-efficace-et-tres-chere\/","title":{"rendered":"La vid\u00e9osurveillance n\u2019est pas efficace, et tr\u00e8s ch\u00e8re !"},"content":{"rendered":"<p><img loading=\"lazy\" decoding=\"async\" class=\"alignleft  wp-image-6215\" style=\"margin: 5px;\" alt=\"CameraBoule\" src=\"http:\/\/www.ades-grenoble.org\/wordpress\/wp-content\/uploads\/2012\/10\/CameraBoule-150x100.jpg\" width=\"150\" height=\"100\" srcset=\"https:\/\/www.ades-grenoble.org\/wordpress\/wp-content\/uploads\/2012\/10\/CameraBoule-150x100.jpg 150w, https:\/\/www.ades-grenoble.org\/wordpress\/wp-content\/uploads\/2012\/10\/CameraBoule.jpg 300w\" sizes=\"auto, (max-width: 150px) 100vw, 150px\" \/>Lors d\u2019une conf\u00e9rence de presse et un caf\u00e9 citoyen, le Rassemblement citoyen de la gauche et des \u00e9cologistes a r\u00e9v\u00e9l\u00e9 que l\u2019enqu\u00eate (rest\u00e9e secr\u00e8te) sur la vid\u00e9osurveillance \u00e0 Grenoble a d\u00e9montr\u00e9 qu\u2019elle n\u2019\u00e9tait pas efficace. Par contre l\u2019installation des cam\u00e9ras coute tr\u00e8s cher, et il serait beaucoup plus utile et efficace de multiplier la pr\u00e9sence publique dans l\u2019espace public. Vous trouverez le texte int\u00e9gral de l\u2019analyse et des propositions sur le site du rassemblement : \u00ab\u00a0<a href=\"http:\/\/unevillepourtous.fr\/2014\/02\/26\/la-securite-exige-du-serieux\/\" target=\"_blank\">La s\u00e9curit\u00e9 exige du s\u00e9rieux<\/a>\u00ab\u00a0.<\/p>\n<p>En voici quelques extraits :<\/p>\n<p><!--more-->\u00ab\u00a0Grenoble n\u2019a pas besoin de tapage ni de gesticulation. Il nous faut regarder la situation en face, construire une politique du r\u00e9sultat, et pas du coup d&rsquo;\u00e9clat, \u00e9viter les coups de force et d\u00e9velopper une vision et une action globales de protection des Grenoblois.<\/p>\n<h3>Une bonne politique s\u2019appuie d\u2019abord sur un diagnostic s\u00e9rieux<\/h3>\n<p>Le 27 janvier 2014, le maire de Grenoble nous a indiqu\u00e9\u00a0 de fa\u00e7on stup\u00e9fiante : \u00ab\u00a0nous ne disposons pas de statistiques ou d\u2019\u00e9tudes r\u00e9alis\u00e9es par la Ville de Grenoble ou les services de l\u2019Etat concernant la s\u00e9curit\u00e9, la d\u00e9linquance ou la demande sociale de s\u00e9curit\u00e9.\u00bb Il ajoute le 11 f\u00e9vrier 2014 que \u00ab\u00a0s\u2019agissant du nombre d\u2019installations priv\u00e9es de cam\u00e9ras de vid\u00e9osurveillance et de leur carte d\u2019implantation sur le territoire communal [\u2026] nous ne disposons pas de ces documents\u00a0\u00bb alors m\u00eame que le Coll\u00e8ge d\u2019\u00e9thique a demand\u00e9 un rapport sur ces cam\u00e9ras d\u00e8s le 18 mars 2013.<\/p>\n<p>Une bonne politique s\u2019appuie d\u2019abord sur un diagnostic s\u00e9rieux de la situation pour regarder la r\u00e9alit\u00e9 telle qu\u2019elle est. D\u00e8s le d\u00e9but du nouveau mandat, nous analyserons la r\u00e9alit\u00e9 des actes de d\u00e9linquance sur la commune et de la demande sociale de s\u00e9curit\u00e9 des habitants\u2026<\/p>\n<h3>Une \u00e9valuation \u00ab\u00a0de l\u2019exp\u00e9rimentation\u00a0\u00bb de la vid\u00e9osurveillance malmen\u00e9e<\/h3>\n<p>A Grenoble, l\u2019\u00e9valuation de l\u2019exp\u00e9rimentation n\u2019a jamais \u00e9t\u00e9 rendue publique malgr\u00e9 les engagements de la municipalit\u00e9. Elle a pourtant \u00e9t\u00e9 rendue au coll\u00e8ge d\u2019\u00e9thique d\u00e8s le 18 mars 2013. Sa pr\u00e9sentation qui \u00e9tait pr\u00e9vue en conseil municipal l\u2019automne dernier a tout bonnement \u00e9t\u00e9 annul\u00e9e. Et pour cause, bien que cette \u00e9tude ne respecte pas les crit\u00e8res pr\u00e9vus par la convention avec la police nationale, elle ouvre le d\u00e9bat plus qu\u2019elle ne le conclut. Nous avons pu nous procurer la synth\u00e8se de l\u2019\u00e9tude du cabinet Plan\u00e8te Publique que nous r\u00e9v\u00e9lons aujourd\u2019hui et que nous avons mis en consultation libre sur notre site www.unevillepourtous.fr<\/p>\n<p>Comme nous le pr\u00e9sentions cette enqu\u00eate permet de tirer des enseignements tr\u00e8s int\u00e9ressants. Si la vid\u00e9osurveillance sur la voie publique agit sur le ressenti des habitants, qui par ailleurs ne sont pas majoritairement favorable \u00e0 son installation, elle n\u2019a aucun r\u00f4le significatif, au regard de son co\u00fbt, pour la pr\u00e9vention de la d\u00e9linquance ou l\u2019\u00e9lucidation des d\u00e9lits. Par ailleurs l\u2019enqu\u00eate d\u00e9montre que la pr\u00e9sence humaine a plus d\u2019effet que la vid\u00e9osurveillance, sur la tranquillisation des habitants, sur la diminution des nuisances et actes de d\u00e9linquances. Quelques extraits\u00a0:<\/p>\n<p>\u00ab\u00a0Ces premiers \u00e9l\u00e9ments donnent surtout \u00e0 voir une grande stabilit\u00e9 sur la p\u00e9riode, avec une l\u00e9g\u00e8re tendance vers plus de confiance vis-\u00e0-vis de la vid\u00e9osurveillance. 47% des enqu\u00eat\u00e9s consid\u00e8rent l\u2019installation comme une bonne initiative.\u00a0\u00bb, avec des variations selon les quartiers entre le centre-ville et les quartiers populaires.<\/p>\n<p>60% des enqu\u00eat\u00e9s du Jardin de ville restent oppos\u00e9s \u00e0 la vid\u00e9osurveillance apr\u00e8s l\u2019exp\u00e9rimentation, 50% des enqu\u00eat\u00e9s du centre-ville sont du m\u00eame avis. \u00ab\u00a0Les habitants de ces quartiers ne ressentent que tr\u00e8s peu de sentiment d&rsquo;ins\u00e9curit\u00e9. Ils sont par ailleurs plut\u00f4t oppos\u00e9s, voire tr\u00e8s oppos\u00e9s, \u00e0 l&rsquo;usage de la vid\u00e9osurveillance\u00a0\u00bb.<\/p>\n<p>\u00ab\u00a0Pour les habitants du VO, l&rsquo;outil est remarqu\u00e9 et appr\u00e9ci\u00e9\u00a0\u00bb. 53% des enqu\u00eat\u00e9s sont pour installer de la vid\u00e9osurveillance. \u00ab\u00a0Pour les habitants de Lafleur, l&rsquo;attente \u00e9tait moins partag\u00e9e mais elle parait entrainer son effet de satisfaction net quand elle est constat\u00e9e\u00a0\u00bb puisque seulement 38% des enqu\u00eat\u00e9s ont conscience que le quartier est vid\u00e9o-surveill\u00e9.<\/p>\n<p>L\u2019\u00e9valuation du cabinet Plan\u00e8te Publique rel\u00e8ve que \u00ab\u00a0pour les riverains du jardin de ville, la vid\u00e9osurveillance n&rsquo;\u00e9tait ni attendue ni demand\u00e9e. Une fois mise en place, elle n&rsquo;est ni constat\u00e9e ni plus appr\u00e9ci\u00e9e qu&rsquo;avant. La demande portait sur une meilleure intervention publique\u00a0\u00bb. \u00ab\u00a0On peut supposer que l\u2019effet de tranquillisation est plut\u00f4t li\u00e9 au d\u00e9ploiement de la Brigade de soir\u00e9e sur ce territoire\u00a0\u00bb. Dans les quartiers \u00e9loign\u00e9s du centre-ville, l\u2019\u00e9valuation conclut que \u00ab\u00a0le constat de l&rsquo;intervention publique, notamment concr\u00e9tis\u00e9e par la pr\u00e9sence de cam\u00e9ras, est en soi un vecteur de tranquillisation\u00a0\u00bb<\/p>\n<p>L\u2019\u00e9valuation pr\u00e9cise qu\u2019\u00a0\u00bben l&rsquo;\u00e9tat des informations qui nous sont fournies, il n&rsquo;est rien possible de dire sur le taux d&rsquo;\u00e9lucidation\u00a0\u00bb. Sur l\u2019ensemble des r\u00e9quisitions r\u00e9alis\u00e9es (128 depuis 2011 dans les documents dont nous avons eu connaissance), 7 auraient permis l\u2019\u00e9lucidation d\u2019affaires mais nous n\u2019avons pas connaissance de l\u2019analyse qualitative de ces \u00e9lucidations pourtant demand\u00e9e par le coll\u00e8ge \u00e9thique d\u00e8s mars 2012.<\/p>\n<p>Il serait pertinent que l\u2019\u00e9valuation puisse \u00eatre explor\u00e9e et d\u00e9battue dans son int\u00e9gralit\u00e9, d\u2019autant que la synth\u00e8se soul\u00e8ve une baisse de l\u2019activit\u00e9 de la police nationale parall\u00e8lement aux exp\u00e9rimentations de vid\u00e9osurveillance alors qu\u2019elle souligne qu\u2019un effet de tranquillisation peut \u00eatre atteint par une autre forme d\u2019intervention publique et humaine.<\/p>\n<h3>Des moyens \u00e0 r\u00e9affecter sur des outils plus efficaces<\/h3>\n<p>Aux responsabilit\u00e9s, nous r\u00e9orienterons les moyens affect\u00e9s par la majorit\u00e9 sortante \u00e0 la vid\u00e9osurveillance et l\u2019armement de la police municipale. Au lieu d\u2019investir 4 millions de plus dans des cam\u00e9ras de vid\u00e9osurveillance, nous proposons notamment d\u2019assurer une pr\u00e9sence humaine renforc\u00e9e dans les quartiers afin de pr\u00e9venir la d\u00e9linquance\u00a0: \u00e9ducateurs, m\u00e9diateurs de jour et de nuit selon les quartiers\u2026<\/p>\n<p>Par ailleurs, nous proposons, comme l\u2019a rappel\u00e9 S\u00e9bastien Roch\u00e9, expert en politiques de s\u00e9curit\u00e9 et membre du coll\u00e8ge d\u2019\u00e9thique, d\u2019agir sur l\u2019\u00e9clairage public qui a beaucoup plus d\u2019effet sur la baisse des actes de d\u00e9linquance et des conflits d\u2019usage de l\u2019espaces public que la vid\u00e9osurveillance. Ainsi, nous nous engageons \u00e0 r\u00e9aliser un plan lumi\u00e8re qui permette d\u2019am\u00e9liorer l\u2019\u00e9clairage l\u00e0 o\u00f9 il est manifestement insuffisant.<\/p>\n<p>Nous notons que le Programme Local d\u2019Actions de Pr\u00e9vention dispose d\u2019un budget annuel inf\u00e9rieur \u00e0 100\u00a0000 \u20ac. Parall\u00e8lement, l\u2019investissement pour les 18 premi\u00e8res cam\u00e9ras a n\u00e9cessit\u00e9 700\u00a0000 \u20ac d\u2019investissement, celui pour l\u2019armement n\u00e9cessiterait au moins 200\u00a0000 \u20ac pour le seul d\u00e9marrage. Il faut comptabiliser en plus, pour 3 ann\u00e9es, un budget de fonctionnement de 1\u00a0110\u00a0000 \u20ac (pour le personnel et l\u2019entretien), soient 370\u00a0000 \u20ac par an, sans prendre en compte la subvention de la mairie \u00e0 la vid\u00e9osurveillance de la police nationale\u2026<\/p>\n<p>La r\u00e9affectation des moyens permettrait donc de tripler les moyens consacr\u00e9s \u00e0 la m\u00e9diation et la pr\u00e9sence humaine dans les espaces publics faisant l\u2019objet de conflits.<\/p>\n<p>Les questions de pr\u00e9vention et de s\u00e9curit\u00e9 sont trop s\u00e9rieuses pour laisser de la place aux effets d\u2019annonce et \u00e0 la d\u00e9magogie. Aux responsabilit\u00e9s, nous mettrons en \u0153uvre les solutions efficaces pour une ville apais\u00e9e et conviviale.\u00a0\u00bb<\/p>\n","protected":false},"excerpt":{"rendered":"<p>Lors d\u2019une conf\u00e9rence de presse et un caf\u00e9 citoyen, le Rassemblement citoyen de la gauche et des \u00e9cologistes a r\u00e9v\u00e9l\u00e9 que l\u2019enqu\u00eate (rest\u00e9e secr\u00e8te) sur la vid\u00e9osurveillance \u00e0 Grenoble a d\u00e9montr\u00e9 qu\u2019elle n\u2019\u00e9tait pas efficace. Par contre l\u2019installation des cam\u00e9ras coute tr\u00e8s cher, et il serait beaucoup plus utile et efficace de multiplier la pr\u00e9sence [&hellip;]<\/p>\n","protected":false},"author":1,"featured_media":0,"comment_status":"closed","ping_status":"open","sticky":false,"template":"","format":"standard","meta":{"twitterCardType":"","cardImageID":0,"cardImage":"","cardTitle":"","cardDesc":"","cardImageAlt":"","cardPlayer":"","cardPlayerWidth":0,"cardPlayerHeight":0,"cardPlayerStream":"","cardPlayerCodec":"","footnotes":""},"categories":[11],"tags":[128,75],"class_list":["post-8182","post","type-post","status-publish","format-standard","hentry","category-politique-locale","tag-rassemblement-2014","tag-videosurveillance"],"_links":{"self":[{"href":"https:\/\/www.ades-grenoble.org\/wordpress\/wp-json\/wp\/v2\/posts\/8182","targetHints":{"allow":["GET"]}}],"collection":[{"href":"https:\/\/www.ades-grenoble.org\/wordpress\/wp-json\/wp\/v2\/posts"}],"about":[{"href":"https:\/\/www.ades-grenoble.org\/wordpress\/wp-json\/wp\/v2\/types\/post"}],"author":[{"embeddable":true,"href":"https:\/\/www.ades-grenoble.org\/wordpress\/wp-json\/wp\/v2\/users\/1"}],"replies":[{"embeddable":true,"href":"https:\/\/www.ades-grenoble.org\/wordpress\/wp-json\/wp\/v2\/comments?post=8182"}],"version-history":[{"count":2,"href":"https:\/\/www.ades-grenoble.org\/wordpress\/wp-json\/wp\/v2\/posts\/8182\/revisions"}],"predecessor-version":[{"id":8184,"href":"https:\/\/www.ades-grenoble.org\/wordpress\/wp-json\/wp\/v2\/posts\/8182\/revisions\/8184"}],"wp:attachment":[{"href":"https:\/\/www.ades-grenoble.org\/wordpress\/wp-json\/wp\/v2\/media?parent=8182"}],"wp:term":[{"taxonomy":"category","embeddable":true,"href":"https:\/\/www.ades-grenoble.org\/wordpress\/wp-json\/wp\/v2\/categories?post=8182"},{"taxonomy":"post_tag","embeddable":true,"href":"https:\/\/www.ades-grenoble.org\/wordpress\/wp-json\/wp\/v2\/tags?post=8182"}],"curies":[{"name":"wp","href":"https:\/\/api.w.org\/{rel}","templated":true}]}}