{"id":8311,"date":"2014-03-21T20:30:23","date_gmt":"2014-03-21T18:30:23","guid":{"rendered":"http:\/\/www.ades-grenoble.org\/wordpress\/?p=8311"},"modified":"2014-03-28T22:18:22","modified_gmt":"2014-03-28T20:18:22","slug":"dimanche-23-mars-faites-le-bon-choix-avec-eric-piolle-et-son-equipe-grenoble-une-ville-pour-tous","status":"publish","type":"post","link":"https:\/\/www.ades-grenoble.org\/wordpress\/2014\/03\/21\/dimanche-23-mars-faites-le-bon-choix-avec-eric-piolle-et-son-equipe-grenoble-une-ville-pour-tous\/","title":{"rendered":"Dimanche 23 mars, faites le bon choix avec Eric Piolle et son \u00e9quipe \u00ab\u00a0Grenoble Une ville pour tous\u00a0\u00bb"},"content":{"rendered":"<p><a href=\"http:\/\/unevillepourtous.fr\" target=\"_blank\"><img loading=\"lazy\" decoding=\"async\" class=\"alignleft size-medium wp-image-7883\" style=\"margin: 5px;\" alt=\"GrenobleUneVillePourTous\" src=\"http:\/\/www.ades-grenoble.org\/wordpress\/wp-content\/uploads\/2013\/12\/GrenobleUneVillePourTous-300x141.jpg\" width=\"300\" height=\"141\" srcset=\"https:\/\/www.ades-grenoble.org\/wordpress\/wp-content\/uploads\/2013\/12\/GrenobleUneVillePourTous-300x141.jpg 300w, https:\/\/www.ades-grenoble.org\/wordpress\/wp-content\/uploads\/2013\/12\/GrenobleUneVillePourTous-150x70.jpg 150w, https:\/\/www.ades-grenoble.org\/wordpress\/wp-content\/uploads\/2013\/12\/GrenobleUneVillePourTous.jpg 1000w\" sizes=\"auto, (max-width: 300px) 100vw, 300px\" \/><\/a>La campagne du 1er tour des \u00e9lections municipales se termine. Une chose est certaine, il y aura un second tour le 30 mars, car aucune liste n\u2019est capable d\u2019emporter la majorit\u00e9 d\u00e8s le 23 mars.<\/p>\n<p>Les grandes indications donn\u00e9es par les sondages sont conformes aux donn\u00e9es \u00e9lectorales du pass\u00e9 r\u00e9cent de Grenoble. <strong>La gauche et les \u00e9cologistes repr\u00e9sentent environ 60 % du corps \u00e9lectoral aux diff\u00e9rentes \u00e9lections locales, r\u00e9gionales ou nationales. Il n\u2019y a aucun danger de voir la droite revenir aux affaires.<\/strong><\/p>\n<p><strong>La seule question est de savoir quel maire et quelle \u00e9quipe est la mieux plac\u00e9e pour pr\u00e9parer l\u2019avenir de notre ville dans de bonnes conditions. De ce point de vue, <a href=\"http:\/\/unevillepourtous.fr\" target=\"_blank\">Eric Piolle et le liste \u00ab\u00a0Grenoble Une ville pour tous\u00a0\u00bb<\/a> pr\u00e9sentent de meilleures garanties que J. Safar.<\/strong><\/p>\n<p><!--more-->En effet les propositions de l\u2019\u00e9quipe \u00ab\u00a0Grenoble, une ville pour tous\u00a0\u00bb sont mieux adapt\u00e9es \u00e0 la p\u00e9riode de crise qui frappe durement une majorit\u00e9 de la population, elles mettent en priorit\u00e9 l\u2019am\u00e9lioration de la vie quotidienne tout en maitrisant les d\u00e9penses d\u2019argent public qui va devenir de plus en plus rare. J. Safar a d\u00e9montr\u00e9 en 2009, <a href=\"http:\/\/www.ades-grenoble.org\/wordpress\/2008\/12\/13\/non-aux-violentes-hausses-dimpots-a-grenoble-et-a-la-metro-priorite-au-social-et-a-la-solidarite\/\">en augmentant fortement les imp\u00f4ts <\/a>qu\u2019il ne tenait pas ses promesses et qu\u2019il pouvait c\u00e9der \u00e0 la facilit\u00e9, dans une p\u00e9riode o\u00f9 une grande partie des Grenoblois a du mal \u00e0 finir les fins de mois. Le chiffrage du projet du PS n\u2019est pas du tout rigoureux et les promesses se multiplient au fur et \u00e0 mesure de l\u2019avanc\u00e9e de la campagne, avec des contradictions entre les affirmations du d\u00e9but de campagne et celles de dernier moment pour essayer d\u2019engranger le maximum de suffrages.<\/p>\n<p>L&rsquo;\u00e9quipe d\u2019Eric Piolle est bien plus homog\u00e8ne, elle a \u00e9labor\u00e9 <a href=\"http:\/\/unevillepourtous.fr\/le-projet\/\" target=\"_blank\">ses propositions <\/a>et ses engagements apr\u00e8s un travail de fond partag\u00e9 par tous les candidats. Cette liste\u00a0 a toutes les comp\u00e9tences requises pour g\u00e9rer la mairie. A l\u2019inverse le PS a agglom\u00e9r\u00e9 des personnalit\u00e9s et des mouvements\u00a0 qui m\u00e8nent chacun leur campagne de leur cot\u00e9, certains colistiers se plaignent d\u2019absence de d\u00e9bat entre eux.<\/p>\n<p>La capacit\u00e9 d\u2019animateur d\u2019une \u00e9quipe a \u00e9t\u00e9 d\u00e9montr\u00e9e par Eric Piolle durant son activit\u00e9 professionnelle o\u00f9 il avait la responsabilit\u00e9 d\u2019un nombre important de personnes, et de budget plus important que celui de la ville. Il a m\u00eame \u00e9t\u00e9 licenci\u00e9 d\u2019un grand groupe priv\u00e9 international pour avoir contest\u00e9 des licenciements. Ces licenciements ont \u00e9t\u00e9 annul\u00e9s par la suite, lui donnant raison.<\/p>\n<p>La liste d\u2019Eric Piolle est beaucoup moins sectaire que celle de la droite et\u00a0 du PS qui n\u2019h\u00e9sitent pas \u00e0 caricaturer les postions de la liste \u00ab\u00a0Grenoble une ville pour tous\u00a0\u00bb avec des arguments de tr\u00e8s bas \u00e9tage (voir notamment la circulaire officielle de la liste PS). Le candidat PS utilise les m\u00eames arguments que la droite. Eric Piolle a \u00e9t\u00e9 tr\u00e8s clair sur la volont\u00e9 de construire une solution majoritaire \u00e0 gauche \u00e0 Grenoble qui respecterait les diff\u00e9rentes sensibilit\u00e9s en proportion du poids r\u00e9el dans l\u2019\u00e9lection. Il apparait maintenant que J. Safar n\u2019entend pas aller en ce sens et ne veut pas discuter d\u2019un programme municipal majoritaire. Ce sera son programme et rien d\u2019autre. Il se contenterait d\u2019obtenir\u00a0 une majorit\u00e9 d\u2019\u00e9lus tout en \u00e9tant minoritaire dans la ville, ce que permet la loi \u00e9lectorale (il suffit d\u2019\u00eatre le premier au 2\u00e8me tour). Ce serait faire prendre aux Grenoblois des risques importants car un d\u00e9faut de l\u00e9gitimit\u00e9 politique entrainerait un affaiblissement de la capacit\u00e9 d\u2019action de la ville. Or dans cette p\u00e9riode de crise il faut avoir des politiques publiques fortes.<\/p>\n<p><strong>Le bon choix est donc le vote le 23 mars pour Eric Piolle et son \u00e9quipe \u00ab\u00a0Grenoble Une ville pour tous\u00a0\u00bb.<\/strong><\/p>\n","protected":false},"excerpt":{"rendered":"<p>La campagne du 1er tour des \u00e9lections municipales se termine. Une chose est certaine, il y aura un second tour le 30 mars, car aucune liste n\u2019est capable d\u2019emporter la majorit\u00e9 d\u00e8s le 23 mars. Les grandes indications donn\u00e9es par les sondages sont conformes aux donn\u00e9es \u00e9lectorales du pass\u00e9 r\u00e9cent de Grenoble. La gauche et [&hellip;]<\/p>\n","protected":false},"author":1,"featured_media":0,"comment_status":"closed","ping_status":"open","sticky":false,"template":"","format":"standard","meta":{"twitterCardType":"","cardImageID":0,"cardImage":"","cardTitle":"","cardDesc":"","cardImageAlt":"","cardPlayer":"","cardPlayerWidth":0,"cardPlayerHeight":0,"cardPlayerStream":"","cardPlayerCodec":"","footnotes":""},"categories":[11],"tags":[],"class_list":["post-8311","post","type-post","status-publish","format-standard","hentry","category-politique-locale"],"_links":{"self":[{"href":"https:\/\/www.ades-grenoble.org\/wordpress\/wp-json\/wp\/v2\/posts\/8311","targetHints":{"allow":["GET"]}}],"collection":[{"href":"https:\/\/www.ades-grenoble.org\/wordpress\/wp-json\/wp\/v2\/posts"}],"about":[{"href":"https:\/\/www.ades-grenoble.org\/wordpress\/wp-json\/wp\/v2\/types\/post"}],"author":[{"embeddable":true,"href":"https:\/\/www.ades-grenoble.org\/wordpress\/wp-json\/wp\/v2\/users\/1"}],"replies":[{"embeddable":true,"href":"https:\/\/www.ades-grenoble.org\/wordpress\/wp-json\/wp\/v2\/comments?post=8311"}],"version-history":[{"count":6,"href":"https:\/\/www.ades-grenoble.org\/wordpress\/wp-json\/wp\/v2\/posts\/8311\/revisions"}],"predecessor-version":[{"id":8362,"href":"https:\/\/www.ades-grenoble.org\/wordpress\/wp-json\/wp\/v2\/posts\/8311\/revisions\/8362"}],"wp:attachment":[{"href":"https:\/\/www.ades-grenoble.org\/wordpress\/wp-json\/wp\/v2\/media?parent=8311"}],"wp:term":[{"taxonomy":"category","embeddable":true,"href":"https:\/\/www.ades-grenoble.org\/wordpress\/wp-json\/wp\/v2\/categories?post=8311"},{"taxonomy":"post_tag","embeddable":true,"href":"https:\/\/www.ades-grenoble.org\/wordpress\/wp-json\/wp\/v2\/tags?post=8311"}],"curies":[{"name":"wp","href":"https:\/\/api.w.org\/{rel}","templated":true}]}}