{"id":8322,"date":"2014-03-24T03:36:38","date_gmt":"2014-03-24T01:36:38","guid":{"rendered":"http:\/\/www.ades-grenoble.org\/wordpress\/?p=8322"},"modified":"2014-03-24T03:36:38","modified_gmt":"2014-03-24T01:36:38","slug":"un-score-historique-pour-le-rassemblement-grenoble-une-ville-pour-tous","status":"publish","type":"post","link":"https:\/\/www.ades-grenoble.org\/wordpress\/2014\/03\/24\/un-score-historique-pour-le-rassemblement-grenoble-une-ville-pour-tous\/","title":{"rendered":"Un score historique pour le Rassemblement \u00ab\u00a0Grenoble une ville pour tous\u00a0\u00bb"},"content":{"rendered":"<p><a href=\"http:\/\/unevillepourtous.fr\" target=\"_blank\"><img loading=\"lazy\" decoding=\"async\" class=\"wp-image-7883 alignnone aligncenter\" style=\"margin: 5px;\" alt=\"GrenobleUneVillePourTous\" src=\"http:\/\/www.ades-grenoble.org\/wordpress\/wp-content\/uploads\/2013\/12\/GrenobleUneVillePourTous-300x141.jpg\" width=\"300\" height=\"141\" srcset=\"https:\/\/www.ades-grenoble.org\/wordpress\/wp-content\/uploads\/2013\/12\/GrenobleUneVillePourTous-300x141.jpg 300w, https:\/\/www.ades-grenoble.org\/wordpress\/wp-content\/uploads\/2013\/12\/GrenobleUneVillePourTous-150x70.jpg 150w, https:\/\/www.ades-grenoble.org\/wordpress\/wp-content\/uploads\/2013\/12\/GrenobleUneVillePourTous.jpg 1000w\" sizes=\"auto, (max-width: 300px) 100vw, 300px\" \/><\/a><\/p>\n<p>Le Rassemblement citoyen de la gauche et des \u00e9cologistes \u00ab\u00a0Grenoble Une ville pour tous\u00a0\u00bb est en t\u00eate du premier tour \u00e0 Grenoble, avec 29,41% des voix.<\/p>\n<p>Voici les r\u00e9sultats du premier tour des \u00e9lections municipales 2014 \u00e0 Grenoble<\/p>\n<table border=\"1\">\n<tbody>\n<tr>\n<td>Liste<\/td>\n<td style=\"text-align: right;\">R\u00e9sultat<\/td>\n<\/tr>\n<tr>\n<td><strong>Grenoble Une ville pour tous, Eric Piolle<\/strong><\/td>\n<td style=\"text-align: right;\"><strong>29,41%<\/strong><\/td>\n<\/tr>\n<tr>\n<td>Aimer Grenoble pour vous, J\u00e9r\u00f4me Safar<\/td>\n<td style=\"text-align: right;\">25,31%<\/td>\n<\/tr>\n<tr>\n<td>Croire en Grenoble, Mathieu Chamussy<\/td>\n<td style=\"text-align: right;\">20,86%<\/td>\n<\/tr>\n<tr>\n<td>Grenoble bleu Marine, Mireille D&rsquo;Ornano<\/td>\n<td style=\"text-align: right;\">12,56%<\/td>\n<\/tr>\n<tr>\n<td>L&rsquo;alternative, le centre,Philippe De Longevialle<\/td>\n<td style=\"text-align: right;\">4,51%<\/td>\n<\/tr>\n<tr>\n<td><em>Abstention<\/em><\/td>\n<td style=\"text-align: right;\"><em>47,60%<\/em><\/td>\n<\/tr>\n<\/tbody>\n<\/table>\n<p><a href=\"http:\/\/elections.interieur.gouv.fr\/MN2014\/038\/038185.html\" target=\"_blank\">Les r\u00e9sultats complets sont sur le site de la Pr\u00e9fecture de l&rsquo;Is\u00e8re ici<\/a><\/p>\n","protected":false},"excerpt":{"rendered":"<p>Le Rassemblement citoyen de la gauche et des \u00e9cologistes \u00ab\u00a0Grenoble Une ville pour tous\u00a0\u00bb est en t\u00eate du premier tour \u00e0 Grenoble, avec 29,41% des voix. Voici les r\u00e9sultats du premier tour des \u00e9lections municipales 2014 \u00e0 Grenoble Liste R\u00e9sultat Grenoble Une ville pour tous, Eric Piolle 29,41% Aimer Grenoble pour vous, J\u00e9r\u00f4me Safar 25,31% [&hellip;]<\/p>\n","protected":false},"author":1,"featured_media":0,"comment_status":"closed","ping_status":"open","sticky":false,"template":"","format":"standard","meta":{"twitterCardType":"","cardImageID":0,"cardImage":"","cardTitle":"","cardDesc":"","cardImageAlt":"","cardPlayer":"","cardPlayerWidth":0,"cardPlayerHeight":0,"cardPlayerStream":"","cardPlayerCodec":"","footnotes":""},"categories":[11],"tags":[128],"class_list":["post-8322","post","type-post","status-publish","format-standard","hentry","category-politique-locale","tag-rassemblement-2014"],"_links":{"self":[{"href":"https:\/\/www.ades-grenoble.org\/wordpress\/wp-json\/wp\/v2\/posts\/8322","targetHints":{"allow":["GET"]}}],"collection":[{"href":"https:\/\/www.ades-grenoble.org\/wordpress\/wp-json\/wp\/v2\/posts"}],"about":[{"href":"https:\/\/www.ades-grenoble.org\/wordpress\/wp-json\/wp\/v2\/types\/post"}],"author":[{"embeddable":true,"href":"https:\/\/www.ades-grenoble.org\/wordpress\/wp-json\/wp\/v2\/users\/1"}],"replies":[{"embeddable":true,"href":"https:\/\/www.ades-grenoble.org\/wordpress\/wp-json\/wp\/v2\/comments?post=8322"}],"version-history":[{"count":2,"href":"https:\/\/www.ades-grenoble.org\/wordpress\/wp-json\/wp\/v2\/posts\/8322\/revisions"}],"predecessor-version":[{"id":8324,"href":"https:\/\/www.ades-grenoble.org\/wordpress\/wp-json\/wp\/v2\/posts\/8322\/revisions\/8324"}],"wp:attachment":[{"href":"https:\/\/www.ades-grenoble.org\/wordpress\/wp-json\/wp\/v2\/media?parent=8322"}],"wp:term":[{"taxonomy":"category","embeddable":true,"href":"https:\/\/www.ades-grenoble.org\/wordpress\/wp-json\/wp\/v2\/categories?post=8322"},{"taxonomy":"post_tag","embeddable":true,"href":"https:\/\/www.ades-grenoble.org\/wordpress\/wp-json\/wp\/v2\/tags?post=8322"}],"curies":[{"name":"wp","href":"https:\/\/api.w.org\/{rel}","templated":true}]}}