{"id":8370,"date":"2014-03-31T07:53:26","date_gmt":"2014-03-31T05:53:26","guid":{"rendered":"http:\/\/www.ades-grenoble.org\/wordpress\/?p=8370"},"modified":"2014-03-31T12:18:23","modified_gmt":"2014-03-31T10:18:23","slug":"30-mars-grenoble-une-ville-pour-tous","status":"publish","type":"post","link":"https:\/\/www.ades-grenoble.org\/wordpress\/2014\/03\/31\/30-mars-grenoble-une-ville-pour-tous\/","title":{"rendered":"30 mars : Grenoble, Une ville pour tous !"},"content":{"rendered":"<p><a href=\"http:\/\/unevillepourtous.fr\" target=\"_blank\"><img loading=\"lazy\" decoding=\"async\" class=\"alignleft size-thumbnail wp-image-7883\" alt=\"GrenobleUneVillePourTous\" src=\"http:\/\/www.ades-grenoble.org\/wordpress\/wp-content\/uploads\/2013\/12\/GrenobleUneVillePourTous-150x70.jpg\" width=\"150\" height=\"70\" srcset=\"https:\/\/www.ades-grenoble.org\/wordpress\/wp-content\/uploads\/2013\/12\/GrenobleUneVillePourTous-150x70.jpg 150w, https:\/\/www.ades-grenoble.org\/wordpress\/wp-content\/uploads\/2013\/12\/GrenobleUneVillePourTous-300x141.jpg 300w, https:\/\/www.ades-grenoble.org\/wordpress\/wp-content\/uploads\/2013\/12\/GrenobleUneVillePourTous.jpg 1000w\" sizes=\"auto, (max-width: 150px) 100vw, 150px\" \/><\/a><a href=\"http:\/\/unevillepourtous.fr\" target=\"_blank\">Le Rassemblement citoyen de la gauche et des \u00e9cologistes \u00ab\u00a0Grenoble Une ville pour tous\u00a0\u00bb <\/a>est en t\u00eate du deuxi\u00e8me tour \u00e0 Grenoble, avec 40.02% des voix.<\/p>\n<p>&nbsp;<\/p>\n<p>Voici les r\u00e9sultats du deuxi\u00e8me tour des \u00e9lections municipales 2014 \u00e0 Grenoble<\/p>\n<table border=\"1\">\n<tbody>\n<tr>\n<td>Liste<\/td>\n<td style=\"text-align: right;\">R\u00e9sultat<\/td>\n<td style=\"text-align: right;\">Elus Grenoble<\/td>\n<td style=\"text-align: right;\">Elus M\u00e9tro<\/td>\n<\/tr>\n<tr>\n<td><strong>Grenoble Une ville pour tous, Eric Piolle<\/strong><\/td>\n<td style=\"text-align: right;\"><strong>40,02%<\/strong><\/td>\n<td style=\"text-align: right;\"><strong>42<\/strong><\/td>\n<td style=\"text-align: right;\"><strong>22<\/strong><\/td>\n<\/tr>\n<tr>\n<td>Aimer Grenoble pour vous, J\u00e9r\u00f4me Safar<\/td>\n<td style=\"text-align: right;\">27,45%<\/td>\n<td style=\"text-align: right;\">8<\/td>\n<td style=\"text-align: right;\">4<\/td>\n<\/tr>\n<tr>\n<td>Croire en Grenoble, Mathieu Chamussy<\/td>\n<td style=\"text-align: right;\">23,99%<\/td>\n<td style=\"text-align: right;\">7<\/td>\n<td style=\"text-align: right;\">4<\/td>\n<\/tr>\n<tr>\n<td>Grenoble bleu Marine, Mireille D&rsquo;Ornano<\/td>\n<td style=\"text-align: right;\">8,52%<\/td>\n<td style=\"text-align: right;\">2<\/td>\n<td style=\"text-align: right;\">1<\/td>\n<\/tr>\n<tr>\n<td><em>Abstention<\/em><\/td>\n<td style=\"text-align: right;\"><em>49,5%<\/em><\/td>\n<td style=\"text-align: right;\"><\/td>\n<td style=\"text-align: right;\"><\/td>\n<\/tr>\n<\/tbody>\n<\/table>\n<p>&nbsp;<\/p>\n<p><a href=\"http:\/\/elections.interieur.gouv.fr\/MN2014\/038\/038185.html\" target=\"_blank\">Les r\u00e9sultats complets sont sur le site de la Pr\u00e9fecture de l&rsquo;Is\u00e8re ici<\/a><\/p>\n","protected":false},"excerpt":{"rendered":"<p>Le Rassemblement citoyen de la gauche et des \u00e9cologistes \u00ab\u00a0Grenoble Une ville pour tous\u00a0\u00bb est en t\u00eate du deuxi\u00e8me tour \u00e0 Grenoble, avec 40.02% des voix. &nbsp; Voici les r\u00e9sultats du deuxi\u00e8me tour des \u00e9lections municipales 2014 \u00e0 Grenoble Liste R\u00e9sultat Elus Grenoble Elus M\u00e9tro Grenoble Une ville pour tous, Eric Piolle 40,02% 42 22 [&hellip;]<\/p>\n","protected":false},"author":1,"featured_media":0,"comment_status":"closed","ping_status":"open","sticky":false,"template":"","format":"standard","meta":{"twitterCardType":"","cardImageID":0,"cardImage":"","cardTitle":"","cardDesc":"","cardImageAlt":"","cardPlayer":"","cardPlayerWidth":0,"cardPlayerHeight":0,"cardPlayerStream":"","cardPlayerCodec":"","footnotes":""},"categories":[11],"tags":[115,128],"class_list":["post-8370","post","type-post","status-publish","format-standard","hentry","category-politique-locale","tag-municipales-2014","tag-rassemblement-2014"],"_links":{"self":[{"href":"https:\/\/www.ades-grenoble.org\/wordpress\/wp-json\/wp\/v2\/posts\/8370","targetHints":{"allow":["GET"]}}],"collection":[{"href":"https:\/\/www.ades-grenoble.org\/wordpress\/wp-json\/wp\/v2\/posts"}],"about":[{"href":"https:\/\/www.ades-grenoble.org\/wordpress\/wp-json\/wp\/v2\/types\/post"}],"author":[{"embeddable":true,"href":"https:\/\/www.ades-grenoble.org\/wordpress\/wp-json\/wp\/v2\/users\/1"}],"replies":[{"embeddable":true,"href":"https:\/\/www.ades-grenoble.org\/wordpress\/wp-json\/wp\/v2\/comments?post=8370"}],"version-history":[{"count":4,"href":"https:\/\/www.ades-grenoble.org\/wordpress\/wp-json\/wp\/v2\/posts\/8370\/revisions"}],"predecessor-version":[{"id":8374,"href":"https:\/\/www.ades-grenoble.org\/wordpress\/wp-json\/wp\/v2\/posts\/8370\/revisions\/8374"}],"wp:attachment":[{"href":"https:\/\/www.ades-grenoble.org\/wordpress\/wp-json\/wp\/v2\/media?parent=8370"}],"wp:term":[{"taxonomy":"category","embeddable":true,"href":"https:\/\/www.ades-grenoble.org\/wordpress\/wp-json\/wp\/v2\/categories?post=8370"},{"taxonomy":"post_tag","embeddable":true,"href":"https:\/\/www.ades-grenoble.org\/wordpress\/wp-json\/wp\/v2\/tags?post=8370"}],"curies":[{"name":"wp","href":"https:\/\/api.w.org\/{rel}","templated":true}]}}