{"id":8496,"date":"2014-05-03T10:18:03","date_gmt":"2014-05-03T08:18:03","guid":{"rendered":"http:\/\/www.ades-grenoble.org\/wordpress\/?p=8496"},"modified":"2014-05-03T10:24:17","modified_gmt":"2014-05-03T08:24:17","slug":"politique-municipale-pour-les-sports-quelques-precisions","status":"publish","type":"post","link":"https:\/\/www.ades-grenoble.org\/wordpress\/2014\/05\/03\/politique-municipale-pour-les-sports-quelques-precisions\/","title":{"rendered":"Politique municipale pour les sports : quelques pr\u00e9cisions"},"content":{"rendered":"<p style=\"text-align: justify;\">Le milieu sportif grenoblois s\u2019agite et s\u2019inqui\u00e8te de l\u2019arriv\u00e9e de la nouvelle \u00e9quipe municipale. Il faut dire que la plupart des dirigeants des clubs professionnels se sont mobilis\u00e9s pour soutenir la liste Safar\u00a0: rugby, football, hockey sur glace, handball, etc. comme si leur survie en d\u00e9pendait. Malheureusement (pour eux\u00a0!) leur champion a \u00e9t\u00e9 battu. La question importante \u00e0 trancher est celle de l\u2019utilisation des deux grands stades\u00a0: stade des Alpes et stade Lesdigui\u00e8res. Une chose est s\u00fbre, le projet Lesdigui\u00e8res de l\u2019ancienne \u00e9quipe municipale ne sera pas lanc\u00e9. Il semble logique compte tenu de leur place dans la hi\u00e9rarchie des comp\u00e9titions que l\u2019\u00e9quipe de rugby joue au stade des Alpes qui lui porte plut\u00f4t chance et que le GF38 rejoigne le stade Lesdigui\u00e8res. Cela permettrait aussi \u00e0 la M\u00e9tro d\u2019\u00e9conomiser 1,1 million d\u2019euros d\u2019argent public en compensation au d\u00e9l\u00e9gataire du stade des Alpes pour absence de club professionnel r\u00e9sident (voir ci-dessous). Il faut bien comprendre que le sport professionnel n\u2019est pas une activit\u00e9 d\u2019int\u00e9r\u00eat g\u00e9n\u00e9ral, d\u2019autant qu\u2019il d\u00e9rive de plus en plus vers le sport-spectacle au m\u00e9pris des r\u00e8gles de sant\u00e9 publique et cela contrairement \u00e0 l\u2019activit\u00e9 physique et sportive pratiqu\u00e9e en amateur \u00e0 tous niveaux. Conform\u00e9ment \u00e0 la loi, le sport professionnel n\u2019a pas \u00e0 \u00eatre aid\u00e9 par la mairie et il faudra veiller \u00e0 ce qu\u2019il paye le juste prix pour la location des moyens mis \u00e0 leurs dispositions (stade, salles\u2026). Comme le dit le Conseil d\u2019Etat, les clubs professionnels sont des entrepreneurs de spectacles sportifs qu\u2019il ne faut pas confondre avec l\u2019activit\u00e9 physique et sportive \u00e0 but non lucratif. Que chacun fasse son travail et \u00e0 sa juste place, tout se passera bien.<\/p>\n<p style=\"text-align: justify;\"><!--more--><\/p>\n<p style=\"text-align: justify;\"><strong>Rappel des d\u00e9cisions financi\u00e8res prises par la M\u00e9tro dans le contrat de gestion du stade par le d\u00e9l\u00e9gataire priv\u00e9\u00a0:<\/strong><\/p>\n<p style=\"text-align: justify;\">La M\u00e9tro verse au d\u00e9l\u00e9gataire une subvention d\u2019exploitation et une compensation li\u00e9e \u00e0 la pr\u00e9sence ou non d\u2019un club professionnel de football ou de rugby r\u00e9sident\u00a0:<\/p>\n<p style=\"text-align: justify;\"><img loading=\"lazy\" decoding=\"async\" class=\"alignleft wp-image-8497 size-full\" src=\"http:\/\/www.ades-grenoble.org\/wordpress\/wp-content\/uploads\/2014\/05\/Subvention-Metro-Carilis-e1399104220934.png\" alt=\"Subvention M\u00e9tro Carilis\" width=\"800\" height=\"286\" \/><\/p>\n","protected":false},"excerpt":{"rendered":"<p>Le milieu sportif grenoblois s\u2019agite et s\u2019inqui\u00e8te de l\u2019arriv\u00e9e de la nouvelle \u00e9quipe municipale. Il faut dire que la plupart des dirigeants des clubs professionnels se sont mobilis\u00e9s pour soutenir la liste Safar\u00a0: rugby, football, hockey sur glace, handball, etc. comme si leur survie en d\u00e9pendait. Malheureusement (pour eux\u00a0!) leur champion a \u00e9t\u00e9 battu. La [&hellip;]<\/p>\n","protected":false},"author":1,"featured_media":0,"comment_status":"closed","ping_status":"open","sticky":false,"template":"","format":"standard","meta":{"twitterCardType":"","cardImageID":0,"cardImage":"","cardTitle":"","cardDesc":"","cardImageAlt":"","cardPlayer":"","cardPlayerWidth":0,"cardPlayerHeight":0,"cardPlayerStream":"","cardPlayerCodec":"","footnotes":""},"categories":[62,11,16],"tags":[132,233],"class_list":["post-8496","post","type-post","status-publish","format-standard","hentry","category-le-rouge-le-vert-hebdo","category-politique-locale","category-stade","tag-sport","tag-stade"],"_links":{"self":[{"href":"https:\/\/www.ades-grenoble.org\/wordpress\/wp-json\/wp\/v2\/posts\/8496","targetHints":{"allow":["GET"]}}],"collection":[{"href":"https:\/\/www.ades-grenoble.org\/wordpress\/wp-json\/wp\/v2\/posts"}],"about":[{"href":"https:\/\/www.ades-grenoble.org\/wordpress\/wp-json\/wp\/v2\/types\/post"}],"author":[{"embeddable":true,"href":"https:\/\/www.ades-grenoble.org\/wordpress\/wp-json\/wp\/v2\/users\/1"}],"replies":[{"embeddable":true,"href":"https:\/\/www.ades-grenoble.org\/wordpress\/wp-json\/wp\/v2\/comments?post=8496"}],"version-history":[{"count":2,"href":"https:\/\/www.ades-grenoble.org\/wordpress\/wp-json\/wp\/v2\/posts\/8496\/revisions"}],"predecessor-version":[{"id":8511,"href":"https:\/\/www.ades-grenoble.org\/wordpress\/wp-json\/wp\/v2\/posts\/8496\/revisions\/8511"}],"wp:attachment":[{"href":"https:\/\/www.ades-grenoble.org\/wordpress\/wp-json\/wp\/v2\/media?parent=8496"}],"wp:term":[{"taxonomy":"category","embeddable":true,"href":"https:\/\/www.ades-grenoble.org\/wordpress\/wp-json\/wp\/v2\/categories?post=8496"},{"taxonomy":"post_tag","embeddable":true,"href":"https:\/\/www.ades-grenoble.org\/wordpress\/wp-json\/wp\/v2\/tags?post=8496"}],"curies":[{"name":"wp","href":"https:\/\/api.w.org\/{rel}","templated":true}]}}