{"id":8517,"date":"2014-05-09T17:13:35","date_gmt":"2014-05-09T15:13:35","guid":{"rendered":"http:\/\/www.ades-grenoble.org\/wordpress\/?p=8517"},"modified":"2014-05-09T17:13:35","modified_gmt":"2014-05-09T15:13:35","slug":"villeneuve-le-reve-brise-au-tribunal-les-habitants-de-la-villeneuve-contre-france-televisions","status":"publish","type":"post","link":"https:\/\/www.ades-grenoble.org\/wordpress\/2014\/05\/09\/villeneuve-le-reve-brise-au-tribunal-les-habitants-de-la-villeneuve-contre-france-televisions\/","title":{"rendered":"\u00ab Villeneuve, le r\u00eave bris\u00e9 \u00bb au Tribunal : les habitants de la Villeneuve contre France T\u00e9l\u00e9visions"},"content":{"rendered":"<p style=\"text-align: justify;\"><img loading=\"lazy\" decoding=\"async\" class=\"alignleft size-full wp-image-8518\" src=\"http:\/\/www.ades-grenoble.org\/wordpress\/wp-content\/uploads\/2014\/05\/EnvoyeSpecial-contre-enquete-e1399639360650.jpg\" alt=\"Envoy\u00e9 Sp\u00e9cial &quot;Villeneuve : le r\u00eave bris\u00e9&quot;\" width=\"400\" height=\"203\" \/>Au Tribunal de Grande Instance de Grenoble, <strong>le jeudi 15 mai \u00e0 13 h 15<\/strong> se tiendra l\u2019audience pour diffamation que l\u2019association des Habitants de la Crique Sud a engag\u00e9e contre le Pr\u00e9sident de France T\u00e9l\u00e9visions \u00e0 la suite du reportage \u00abVilleneuve, le r\u00eave bris\u00e9\u00bb, diffus\u00e9 en septembre 2013 dans l\u2019\u00e9mission Envoy\u00e9 Sp\u00e9cial sur France 2. Les habitants ont refus\u00e9 cette image d\u00e9gradante de leur quartier, cette vision mis\u00e9rabiliste, simpliste et r\u00e9ductrice des vies que les murs abritent.<\/p>\n<p style=\"text-align: justify;\"><strong>Il est encore possible de soutenir cette action signant la p\u00e9tition <\/strong><a title=\"P\u00e9tition : &quot;Apres &quot;Villeneuve : le r\u00eave bris\u00e9&quot;\" href=\"http:\/\/www.petitions24.net\/a\/60084\" target=\"_blank\">ici<\/a><\/p>\n<p style=\"text-align: justify;\">L\u2019association appelle tous les habitants de la Villeneuve, de la ville et de la M\u00e9tro qui le peuvent de venir au Tribunal.<\/p>\n","protected":false},"excerpt":{"rendered":"<p>Au Tribunal de Grande Instance de Grenoble, le jeudi 15 mai \u00e0 13 h 15 se tiendra l\u2019audience pour diffamation que l\u2019association des Habitants de la Crique Sud a engag\u00e9e contre le Pr\u00e9sident de France T\u00e9l\u00e9visions \u00e0 la suite du reportage \u00abVilleneuve, le r\u00eave bris\u00e9\u00bb, diffus\u00e9 en septembre 2013 dans l\u2019\u00e9mission Envoy\u00e9 Sp\u00e9cial sur France [&hellip;]<\/p>\n","protected":false},"author":1,"featured_media":0,"comment_status":"closed","ping_status":"open","sticky":false,"template":"","format":"standard","meta":{"twitterCardType":"","cardImageID":0,"cardImage":"","cardTitle":"","cardDesc":"","cardImageAlt":"","cardPlayer":"","cardPlayerWidth":0,"cardPlayerHeight":0,"cardPlayerStream":"","cardPlayerCodec":"","footnotes":""},"categories":[62,11],"tags":[12,82],"class_list":["post-8517","post","type-post","status-publish","format-standard","hentry","category-le-rouge-le-vert-hebdo","category-politique-locale","tag-mobilisations","tag-villeneuve"],"_links":{"self":[{"href":"https:\/\/www.ades-grenoble.org\/wordpress\/wp-json\/wp\/v2\/posts\/8517","targetHints":{"allow":["GET"]}}],"collection":[{"href":"https:\/\/www.ades-grenoble.org\/wordpress\/wp-json\/wp\/v2\/posts"}],"about":[{"href":"https:\/\/www.ades-grenoble.org\/wordpress\/wp-json\/wp\/v2\/types\/post"}],"author":[{"embeddable":true,"href":"https:\/\/www.ades-grenoble.org\/wordpress\/wp-json\/wp\/v2\/users\/1"}],"replies":[{"embeddable":true,"href":"https:\/\/www.ades-grenoble.org\/wordpress\/wp-json\/wp\/v2\/comments?post=8517"}],"version-history":[{"count":1,"href":"https:\/\/www.ades-grenoble.org\/wordpress\/wp-json\/wp\/v2\/posts\/8517\/revisions"}],"predecessor-version":[{"id":8519,"href":"https:\/\/www.ades-grenoble.org\/wordpress\/wp-json\/wp\/v2\/posts\/8517\/revisions\/8519"}],"wp:attachment":[{"href":"https:\/\/www.ades-grenoble.org\/wordpress\/wp-json\/wp\/v2\/media?parent=8517"}],"wp:term":[{"taxonomy":"category","embeddable":true,"href":"https:\/\/www.ades-grenoble.org\/wordpress\/wp-json\/wp\/v2\/categories?post=8517"},{"taxonomy":"post_tag","embeddable":true,"href":"https:\/\/www.ades-grenoble.org\/wordpress\/wp-json\/wp\/v2\/tags?post=8517"}],"curies":[{"name":"wp","href":"https:\/\/api.w.org\/{rel}","templated":true}]}}