{"id":8521,"date":"2014-05-09T17:16:28","date_gmt":"2014-05-09T15:16:28","guid":{"rendered":"http:\/\/www.ades-grenoble.org\/wordpress\/?p=8521"},"modified":"2014-05-09T17:17:33","modified_gmt":"2014-05-09T15:17:33","slug":"une-bonne-nouvelle-pour-limage-de-villeneuve","status":"publish","type":"post","link":"https:\/\/www.ades-grenoble.org\/wordpress\/2014\/05\/09\/une-bonne-nouvelle-pour-limage-de-villeneuve\/","title":{"rendered":"Une bonne nouvelle pour l\u2019image de Villeneuve"},"content":{"rendered":"<div id=\"attachment_8522\" style=\"width: 410px\" class=\"wp-caption alignleft\"><img loading=\"lazy\" decoding=\"async\" aria-describedby=\"caption-attachment-8522\" class=\"size-full wp-image-8522\" src=\"http:\/\/www.ades-grenoble.org\/wordpress\/wp-content\/uploads\/2014\/05\/villeneuve_AFP-e1399639669755.jpg\" alt=\"&quot;Guy Mocquet&quot;\" width=\"400\" height=\"225\" \/><p id=\"caption-attachment-8522\" class=\"wp-caption-text\">\u00a9 AFP<\/p><\/div>\n<p style=\"text-align: justify;\">Le collectif grenoblois <em>Vill9las\u00e9rie<\/em> a coproduit le court-m\u00e9trage \u00ab\u00a0<em>Guy M\u00f4quet<\/em>\u00ab\u00a0. C\u2019est une com\u00e9die romantique qui a pour acteurs des jeunes du quartier de La Villeneuve. Ce court-m\u00e9trage a \u00e9t\u00e9 s\u00e9lectionn\u00e9 par la Quinzaine des r\u00e9alisateurs (en marge du Festival de Cannes) avec 10 autres films de court m\u00e9trage.<\/p>\n<p style=\"text-align: justify;\">La Quinzaine des R\u00e9alisateurs a pour objectif de d\u00e9couvrir les films de jeunes auteurs et de saluer les \u0153uvres de r\u00e9alisateurs reconnus. Ind\u00e9pendante, libre, non comp\u00e9titive, la Quinzaine des R\u00e9alisateurs est ouverte \u00e0 toutes les formes de cr\u00e9ation cin\u00e9matographique. Elle propose des longs et courts m\u00e9trages de fiction et des documentaires.<\/p>\n","protected":false},"excerpt":{"rendered":"<p>Le collectif grenoblois Vill9las\u00e9rie a coproduit le court-m\u00e9trage \u00ab\u00a0Guy M\u00f4quet\u00ab\u00a0. C\u2019est une com\u00e9die romantique qui a pour acteurs des jeunes du quartier de La Villeneuve. Ce court-m\u00e9trage a \u00e9t\u00e9 s\u00e9lectionn\u00e9 par la Quinzaine des r\u00e9alisateurs (en marge du Festival de Cannes) avec 10 autres films de court m\u00e9trage. La Quinzaine des R\u00e9alisateurs a pour objectif [&hellip;]<\/p>\n","protected":false},"author":1,"featured_media":0,"comment_status":"closed","ping_status":"open","sticky":false,"template":"","format":"standard","meta":{"twitterCardType":"","cardImageID":0,"cardImage":"","cardTitle":"","cardDesc":"","cardImageAlt":"","cardPlayer":"","cardPlayerWidth":0,"cardPlayerHeight":0,"cardPlayerStream":"","cardPlayerCodec":"","footnotes":""},"categories":[133,62],"tags":[82],"class_list":["post-8521","post","type-post","status-publish","format-standard","hentry","category-culture-2","category-le-rouge-le-vert-hebdo","tag-villeneuve"],"_links":{"self":[{"href":"https:\/\/www.ades-grenoble.org\/wordpress\/wp-json\/wp\/v2\/posts\/8521","targetHints":{"allow":["GET"]}}],"collection":[{"href":"https:\/\/www.ades-grenoble.org\/wordpress\/wp-json\/wp\/v2\/posts"}],"about":[{"href":"https:\/\/www.ades-grenoble.org\/wordpress\/wp-json\/wp\/v2\/types\/post"}],"author":[{"embeddable":true,"href":"https:\/\/www.ades-grenoble.org\/wordpress\/wp-json\/wp\/v2\/users\/1"}],"replies":[{"embeddable":true,"href":"https:\/\/www.ades-grenoble.org\/wordpress\/wp-json\/wp\/v2\/comments?post=8521"}],"version-history":[{"count":1,"href":"https:\/\/www.ades-grenoble.org\/wordpress\/wp-json\/wp\/v2\/posts\/8521\/revisions"}],"predecessor-version":[{"id":8523,"href":"https:\/\/www.ades-grenoble.org\/wordpress\/wp-json\/wp\/v2\/posts\/8521\/revisions\/8523"}],"wp:attachment":[{"href":"https:\/\/www.ades-grenoble.org\/wordpress\/wp-json\/wp\/v2\/media?parent=8521"}],"wp:term":[{"taxonomy":"category","embeddable":true,"href":"https:\/\/www.ades-grenoble.org\/wordpress\/wp-json\/wp\/v2\/categories?post=8521"},{"taxonomy":"post_tag","embeddable":true,"href":"https:\/\/www.ades-grenoble.org\/wordpress\/wp-json\/wp\/v2\/tags?post=8521"}],"curies":[{"name":"wp","href":"https:\/\/api.w.org\/{rel}","templated":true}]}}