{"id":8524,"date":"2014-05-09T17:16:29","date_gmt":"2014-05-09T15:16:29","guid":{"rendered":"http:\/\/www.ades-grenoble.org\/wordpress\/?p=8524"},"modified":"2014-05-09T17:16:29","modified_gmt":"2014-05-09T15:16:29","slug":"enfin-des-economies-pour-les-grenobloises-et-les-grenoblois-contribuables","status":"publish","type":"post","link":"https:\/\/www.ades-grenoble.org\/wordpress\/2014\/05\/09\/enfin-des-economies-pour-les-grenobloises-et-les-grenoblois-contribuables\/","title":{"rendered":"Enfin des \u00e9conomies pour les Grenobloises et les Grenoblois contribuables"},"content":{"rendered":"<p style=\"text-align: justify;\"><img loading=\"lazy\" decoding=\"async\" class=\"alignleft size-full wp-image-8525\" src=\"http:\/\/www.ades-grenoble.org\/wordpress\/wp-content\/uploads\/2014\/05\/Stade-e1399639880164.jpg\" alt=\"Stade des Alpes\" width=\"400\" height=\"267\" \/>Le club de rugby professionnel (FCG) jouera tous ses matches de championnat du top 14 au Stade des Alpes lors des deux prochaines saisons. On peut donc consid\u00e9rer le FCG comme club r\u00e9sident du stade des Alpes. Cons\u00e9quence la M\u00e9tro va faire une \u00e9conomie annuelle imm\u00e9diate d\u2019environ 1 M\u20ac durant deux ans. En revanche, les matches de Challenge europ\u00e9en (la petite Coupe d&rsquo;Europe) se disputeront \u00e0 Lesdigui\u00e8res, ce n\u2019est pas tr\u00e8s logique.<\/p>\n<p style=\"text-align: justify;\">Mais cette d\u00e9cision de jouer au stade des Alpes n\u2019est que pour 2 saisons, il faudrait pourtant que l\u2019utilisation optimale des deux stades soit fix\u00e9e rapidement par la ville et la M\u00e9tro.<\/p>\n","protected":false},"excerpt":{"rendered":"<p>Le club de rugby professionnel (FCG) jouera tous ses matches de championnat du top 14 au Stade des Alpes lors des deux prochaines saisons. On peut donc consid\u00e9rer le FCG comme club r\u00e9sident du stade des Alpes. Cons\u00e9quence la M\u00e9tro va faire une \u00e9conomie annuelle imm\u00e9diate d\u2019environ 1 M\u20ac durant deux ans. En revanche, les [&hellip;]<\/p>\n","protected":false},"author":1,"featured_media":0,"comment_status":"closed","ping_status":"open","sticky":false,"template":"","format":"standard","meta":{"twitterCardType":"","cardImageID":0,"cardImage":"","cardTitle":"","cardDesc":"","cardImageAlt":"","cardPlayer":"","cardPlayerWidth":0,"cardPlayerHeight":0,"cardPlayerStream":"","cardPlayerCodec":"","footnotes":""},"categories":[62,11,134],"tags":[32,233],"class_list":["post-8524","post","type-post","status-publish","format-standard","hentry","category-le-rouge-le-vert-hebdo","category-politique-locale","category-sport-professionnel","tag-metro","tag-stade"],"_links":{"self":[{"href":"https:\/\/www.ades-grenoble.org\/wordpress\/wp-json\/wp\/v2\/posts\/8524","targetHints":{"allow":["GET"]}}],"collection":[{"href":"https:\/\/www.ades-grenoble.org\/wordpress\/wp-json\/wp\/v2\/posts"}],"about":[{"href":"https:\/\/www.ades-grenoble.org\/wordpress\/wp-json\/wp\/v2\/types\/post"}],"author":[{"embeddable":true,"href":"https:\/\/www.ades-grenoble.org\/wordpress\/wp-json\/wp\/v2\/users\/1"}],"replies":[{"embeddable":true,"href":"https:\/\/www.ades-grenoble.org\/wordpress\/wp-json\/wp\/v2\/comments?post=8524"}],"version-history":[{"count":1,"href":"https:\/\/www.ades-grenoble.org\/wordpress\/wp-json\/wp\/v2\/posts\/8524\/revisions"}],"predecessor-version":[{"id":8526,"href":"https:\/\/www.ades-grenoble.org\/wordpress\/wp-json\/wp\/v2\/posts\/8524\/revisions\/8526"}],"wp:attachment":[{"href":"https:\/\/www.ades-grenoble.org\/wordpress\/wp-json\/wp\/v2\/media?parent=8524"}],"wp:term":[{"taxonomy":"category","embeddable":true,"href":"https:\/\/www.ades-grenoble.org\/wordpress\/wp-json\/wp\/v2\/categories?post=8524"},{"taxonomy":"post_tag","embeddable":true,"href":"https:\/\/www.ades-grenoble.org\/wordpress\/wp-json\/wp\/v2\/tags?post=8524"}],"curies":[{"name":"wp","href":"https:\/\/api.w.org\/{rel}","templated":true}]}}