{"id":8527,"date":"2014-05-09T17:18:38","date_gmt":"2014-05-09T15:18:38","guid":{"rendered":"http:\/\/www.ades-grenoble.org\/wordpress\/?p=8527"},"modified":"2014-05-09T17:18:38","modified_gmt":"2014-05-09T15:18:38","slug":"politique-politicienne-6","status":"publish","type":"post","link":"https:\/\/www.ades-grenoble.org\/wordpress\/2014\/05\/09\/politique-politicienne-6\/","title":{"rendered":"Politique politicienne"},"content":{"rendered":"<p>L\u2019UMP se pr\u00e9cipite pour faire signer sa p\u00e9tition sur la\u00a0 \u00ab\u00a0vid\u00e9o-protection\u00a0\u00bb. Dans un mail adress\u00e9 aux adh\u00e9rents, Jean-Claude Peyrin, pr\u00e9sident de l\u2019UMP38, explique qu\u2019il a \u00e9largi l\u2019assiette de la collecte des signatures de la p\u00e9tition aux communes avoisinantes <em>\u00ab\u00a0car nous avons tous une relation qui habite ou travaille \u00e0 Grenoble et que nous pouvons faire signer puisqu\u2019il ne faut pas \u00eatre obligatoirement \u00e9lecteur\u00a0\u00bb<\/em>. Le probl\u00e8me c\u2019est qu\u2019il faut \u00eatre habitant de la ville pour que la signature soit prise en compte. De plus l\u2019UMP veut le renforcement de la \u00ab\u00a0vid\u00e9o-protection\u00a0\u00bb\u00a0! Malheureusement la \u00ab\u00a0vid\u00e9o-protection\u00a0\u00bb \u00e7a n\u2019existe pas, en tout cas, pas pour l\u2019instant. Seule la vid\u00e9o-surveillance existe et encore de mani\u00e8re tout \u00e0 fait imparfaite, pour ne pas dire inefficace\u00a0!<\/p>\n<hr \/>\n<p>&nbsp;<\/p>\n<p>Selon l\u2019opposition PS et l\u2019ex directeur g\u00e9n\u00e9ral des services, le conseil municipal du 14 avril se serait tenu de mani\u00e8re trop pr\u00e9cipit\u00e9e. L\u2019ancienne majorit\u00e9 municipale certaine d\u2019\u00eatre r\u00e9\u00e9lue en mars 2014, avait pr\u00e9vu initialement que la seconde r\u00e9union du conseil municipal se d\u00e9roulerait le 28 avril soit presqu\u2019un mois apr\u00e8s les r\u00e9sultats du 2\u00e8me tour. En 2008, la seconde r\u00e9union du Conseil avait \u00e9t\u00e9 fix\u00e9e au 4 avril, soit 19 jours apr\u00e8s les r\u00e9sultats de l\u2019\u00e9lection du 16 mars. Fixer ce second conseil 15 jours apr\u00e8s le deuxi\u00e8me tour de 2014 n\u2019avait donc rien de particuli\u00e8rement pr\u00e9cipit\u00e9. La nouvelle majorit\u00e9 voulait se mettre au travail rapidement. C\u2019\u00e9tait conforme aux v\u0153ux des \u00e9lecteurs qui veulent du changement. Attendre 2 semaines de plus aurait \u00e9t\u00e9 mal compris par les Grenobloises et les Grenoblois qui voulaient des \u00e9lu-es et une majorit\u00e9 vraiment au travail. Une attente satisfaite\u00a0!<\/p>\n","protected":false},"excerpt":{"rendered":"<p>L\u2019UMP se pr\u00e9cipite pour faire signer sa p\u00e9tition sur la\u00a0 \u00ab\u00a0vid\u00e9o-protection\u00a0\u00bb. Dans un mail adress\u00e9 aux adh\u00e9rents, Jean-Claude Peyrin, pr\u00e9sident de l\u2019UMP38, explique qu\u2019il a \u00e9largi l\u2019assiette de la collecte des signatures de la p\u00e9tition aux communes avoisinantes \u00ab\u00a0car nous avons tous une relation qui habite ou travaille \u00e0 Grenoble et que nous pouvons faire [&hellip;]<\/p>\n","protected":false},"author":1,"featured_media":0,"comment_status":"closed","ping_status":"open","sticky":false,"template":"","format":"standard","meta":{"twitterCardType":"","cardImageID":0,"cardImage":"","cardTitle":"","cardDesc":"","cardImageAlt":"","cardPlayer":"","cardPlayerWidth":0,"cardPlayerHeight":0,"cardPlayerStream":"","cardPlayerCodec":"","footnotes":""},"categories":[62,11],"tags":[],"class_list":["post-8527","post","type-post","status-publish","format-standard","hentry","category-le-rouge-le-vert-hebdo","category-politique-locale"],"_links":{"self":[{"href":"https:\/\/www.ades-grenoble.org\/wordpress\/wp-json\/wp\/v2\/posts\/8527","targetHints":{"allow":["GET"]}}],"collection":[{"href":"https:\/\/www.ades-grenoble.org\/wordpress\/wp-json\/wp\/v2\/posts"}],"about":[{"href":"https:\/\/www.ades-grenoble.org\/wordpress\/wp-json\/wp\/v2\/types\/post"}],"author":[{"embeddable":true,"href":"https:\/\/www.ades-grenoble.org\/wordpress\/wp-json\/wp\/v2\/users\/1"}],"replies":[{"embeddable":true,"href":"https:\/\/www.ades-grenoble.org\/wordpress\/wp-json\/wp\/v2\/comments?post=8527"}],"version-history":[{"count":1,"href":"https:\/\/www.ades-grenoble.org\/wordpress\/wp-json\/wp\/v2\/posts\/8527\/revisions"}],"predecessor-version":[{"id":8528,"href":"https:\/\/www.ades-grenoble.org\/wordpress\/wp-json\/wp\/v2\/posts\/8527\/revisions\/8528"}],"wp:attachment":[{"href":"https:\/\/www.ades-grenoble.org\/wordpress\/wp-json\/wp\/v2\/media?parent=8527"}],"wp:term":[{"taxonomy":"category","embeddable":true,"href":"https:\/\/www.ades-grenoble.org\/wordpress\/wp-json\/wp\/v2\/categories?post=8527"},{"taxonomy":"post_tag","embeddable":true,"href":"https:\/\/www.ades-grenoble.org\/wordpress\/wp-json\/wp\/v2\/tags?post=8527"}],"curies":[{"name":"wp","href":"https:\/\/api.w.org\/{rel}","templated":true}]}}