{"id":8608,"date":"2014-05-23T22:40:00","date_gmt":"2014-05-23T20:40:00","guid":{"rendered":"http:\/\/www.ades-grenoble.org\/wordpress\/?p=8608"},"modified":"2014-05-24T08:51:00","modified_gmt":"2014-05-24T06:51:00","slug":"villeneuve-la-plainte-brisee","status":"publish","type":"post","link":"https:\/\/www.ades-grenoble.org\/wordpress\/2014\/05\/23\/villeneuve-la-plainte-brisee\/","title":{"rendered":"Villeneuve : la plainte bris\u00e9e ?"},"content":{"rendered":"<p style=\"text-align: justify;\"><img loading=\"lazy\" decoding=\"async\" class=\"alignleft size-full wp-image-8609\" src=\"http:\/\/www.ades-grenoble.org\/wordpress\/wp-content\/uploads\/2014\/05\/mobilisationVN-Tribunal.jpg\" alt=\"mobilisation Villeneuve au tribunal\" width=\"400\" height=\"267\" srcset=\"https:\/\/www.ades-grenoble.org\/wordpress\/wp-content\/uploads\/2014\/05\/mobilisationVN-Tribunal.jpg 400w, https:\/\/www.ades-grenoble.org\/wordpress\/wp-content\/uploads\/2014\/05\/mobilisationVN-Tribunal-150x100.jpg 150w, https:\/\/www.ades-grenoble.org\/wordpress\/wp-content\/uploads\/2014\/05\/mobilisationVN-Tribunal-300x200.jpg 300w\" sizes=\"auto, (max-width: 400px) 100vw, 400px\" \/>Le reportage d\u2019 \u00ab\u00a0<em>Envoy\u00e9 sp\u00e9cial\u00a0<\/em>\u00bb diffus\u00e9 sur France 2 le 26 septembre dernier intitul\u00e9 \u00ab\u00a0<em>Villeneuve, le r\u00eave bris\u00e9\u00a0<\/em>\u00bb avait suscit\u00e9 un \u00e9moi consid\u00e9rable \u00e0 Villeneuve suivi d\u2019une volont\u00e9 collective de r\u00e9agir face \u00e0 ce d\u00e9versement de clich\u00e9s uniquement \u00e0 charge contre ce quartier encore marqu\u00e9 par le sinistre discours de Grenoble de N. Sarkozy du 30 juillet 2010 (voir un pr\u00e9c\u00e9dent billet <a href=\"http:\/\/www.ades-grenoble.org\/wordpress\/2013\/10\/11\/retour-sur-le-reportage-sur-la-villeneuve\/\">ici<\/a>). Apr\u00e8s avoir pris attache avec M<sup>e<\/sup> Fourrey, avocat sp\u00e9cialis\u00e9 dans le droit \u00e0 l\u2019image, les habitants ont pris la d\u00e9cision de porter plainte pour diffamation contre \u00ab\u00a0<em>France T\u00e9l\u00e9visions<\/em>\u00a0\u00bb, s\u00fbrs de leurs droits mais aussi pour donner un \u00e9cho national \u00e0 leur protestation.<\/p>\n<p style=\"text-align: justify;\"><!--more-->Imm\u00e9diatement s\u2019est pos\u00e9e la question\u00a0: qui serait le mieux \u00e0 m\u00eame de d\u00e9poser plainte\u00a0en ayant le plus de chances d\u2019\u00eatre recevable en justice ? En effet en mati\u00e8re de diffamation le plaignant doit \u00eatre directement et m\u00eame nomm\u00e9ment l\u2019objet des propos suppos\u00e9s diffamatoires. Comment repr\u00e9senter un quartier comme Villeneuve qui n\u2019a pas de personne morale \u00e0 sa t\u00eate ? Rapidement l\u2019id\u00e9e que la Ville de Grenoble serait la plus \u00e0 m\u00eame de porter cette plainte a \u00e9t\u00e9 \u00e9voqu\u00e9e. Le maire de Grenoble M. Destot a alors \u00e9t\u00e9 contact\u00e9 pour agir en ce sens dans les d\u00e9lais impartis. A une lettre du groupe des \u00e9lus<em> \u00c9cologie et Solidarit\u00e9<\/em>, il a r\u00e9pondu\u00a0le 13 janvier dans un long courrier dont nous citons les passages justifiant son refus de d\u00e9poser plainte :<\/p>\n<address style=\"text-align: justify;\">\u00ab\u00a0<em>Nous entendons aussi de nombreux t\u00e9moignages de citoyens et d\u2019\u00e9lus qui ont salu\u00e9 le reportage pour sa v\u00e9rit\u00e9 et son courage\u00a0<\/em>\u00bb, souligne le Directeur g\u00e9n\u00e9ral \u00e0 l\u2019information (de France T\u00e9l\u00e9visions) dans le courrier qu\u2019il a adress\u00e9 \u00e0 J\u00e9r\u00f4me Safar le 15 octobre. Pour lui l\u2019\u00e9thique journalistique est sauve, la cam\u00e9ra ne triche pas. Arguer du contraire en justice en mettant en cause la parole de tel ou tel jeune ayant accept\u00e9 de t\u00e9moigner dans ce reportage serait la solution pour le Maire de Grenoble\u00a0? Je ne le crois pas. Face \u00e0 ce type de d\u00e9sinformation, qui n\u2019est pas l\u2019apanage des journalistes et auquel j\u2019ai du faire face \u00e0 de multiples occasions au cours de mes trois mandats l\u2019honneur du politique passe par les faits, la v\u00e9rit\u00e9 du terrain.\u00a0\u00bb<\/address>\n<p style=\"text-align: justify;\">A d\u00e9faut de la Ville, c\u2019est donc finalement l\u2019 \u00ab\u00a0<em>association des habitants de la Crique sud\u00a0\u2013 Villeneuve-Arlequin <\/em>\u00bb qui a accept\u00e9 de d\u00e9poser plainte. Une collecte a permis rapidement de recueillir la somme n\u00e9cessaire pour contribuer aux frais de justice. Lire le dossier de presse d\u00e9crivant la plainte d\u00e9pos\u00e9e est lire <a href=\"http:\/\/vivrealavilleneuve.files.wordpress.com\/2014\/05\/dossier-de-presse.pdf\">ici<\/a>.<\/p>\n<p style=\"text-align: justify;\">Suite au proc\u00e8s qui a eu lieu le 15 mai, donnons la parole aux habitants de Villeneuve qui ont port\u00e9 cette action:<\/p>\n<p style=\"text-align: justify;\">\u00ab <em>Plus de 200 personnes \u00e9taient pr\u00e9sentes, des habitants de la Villeneuve mais aussi d&rsquo;autres quartiers de Grenoble et d&rsquo;autres villes de l&rsquo;Agglo et m\u00eame d&rsquo;ailleurs avaient fait le d\u00e9placement (\u2026). Comme on pouvait s\u2019y attendre l\u2019avocat de la partie adverse a port\u00e9 la question sur un point de droit : la l\u00e9gitimit\u00e9 de l&rsquo;association des habitants de la Crique Sud \u00e0 se porter partie civile d&rsquo;une part et \u00e0 faire reconnaitre la diffamation \u00e0 son encontre d&rsquo;autre part dans la mesure o\u00f9 elle n&rsquo;est pas cit\u00e9e dans le reportage(\u2026). <strong>Pour cela le tribunal devra trancher\u2026 <\/strong>Si la plainte est jug\u00e9e recevable, alors il y aura jurisprudence et ce sera un pr\u00e9c\u00e9dent. D\u2019autres associations des quartiers populaires pourront aller en justice (\u2026). Reste la question de la \u00ab\u00a0trahison\u00a0\u00bb d\u00e9nonc\u00e9e par les habitants et reprise par les t\u00e9moins au proc\u00e8s &#8211; les objectifs tels qu\u2019annonc\u00e9s par la journaliste aux personnes qu\u2019elle rencontrait et ce qu\u2019elle montre dans le reportage. Pour la procureure, le Minist\u00e8re public, la \u00ab\u00a0trahison\u00a0\u00bb est bien r\u00e9elle.\u00a0<\/em>\u00bb<\/p>\n<p style=\"text-align: justify;\">Le jugement sera rendu public le 26 juin. Nous y serons \u00e0 nouveau avec des centaines d\u2019habitants. Esp\u00e9rons seulement que le refus du maire d\u2019aller en justice ne sera pas l\u2019origine d\u2019un rejet mais que la plainte sera jug\u00e9e au fond comme l\u2019a d\u00e9j\u00e0 fait le CSA (lire le billet pr\u00e9c\u00e9dent <a href=\"http:\/\/www.ades-grenoble.org\/wordpress\/2014\/01\/10\/le-csa-critique-le-reportage-villeneuve-le-reve-brise\/\">ici<\/a>).<\/p>\n","protected":false},"excerpt":{"rendered":"<p>Le reportage d\u2019 \u00ab\u00a0Envoy\u00e9 sp\u00e9cial\u00a0\u00bb diffus\u00e9 sur France 2 le 26 septembre dernier intitul\u00e9 \u00ab\u00a0Villeneuve, le r\u00eave bris\u00e9\u00a0\u00bb avait suscit\u00e9 un \u00e9moi consid\u00e9rable \u00e0 Villeneuve suivi d\u2019une volont\u00e9 collective de r\u00e9agir face \u00e0 ce d\u00e9versement de clich\u00e9s uniquement \u00e0 charge contre ce quartier encore marqu\u00e9 par le sinistre discours de Grenoble de N. Sarkozy du [&hellip;]<\/p>\n","protected":false},"author":1,"featured_media":0,"comment_status":"closed","ping_status":"open","sticky":false,"template":"","format":"standard","meta":{"twitterCardType":"","cardImageID":0,"cardImage":"","cardTitle":"","cardDesc":"","cardImageAlt":"","cardPlayer":"","cardPlayerWidth":0,"cardPlayerHeight":0,"cardPlayerStream":"","cardPlayerCodec":"","footnotes":""},"categories":[62,11],"tags":[139,82],"class_list":["post-8608","post","type-post","status-publish","format-standard","hentry","category-le-rouge-le-vert-hebdo","category-politique-locale","tag-medias","tag-villeneuve"],"_links":{"self":[{"href":"https:\/\/www.ades-grenoble.org\/wordpress\/wp-json\/wp\/v2\/posts\/8608","targetHints":{"allow":["GET"]}}],"collection":[{"href":"https:\/\/www.ades-grenoble.org\/wordpress\/wp-json\/wp\/v2\/posts"}],"about":[{"href":"https:\/\/www.ades-grenoble.org\/wordpress\/wp-json\/wp\/v2\/types\/post"}],"author":[{"embeddable":true,"href":"https:\/\/www.ades-grenoble.org\/wordpress\/wp-json\/wp\/v2\/users\/1"}],"replies":[{"embeddable":true,"href":"https:\/\/www.ades-grenoble.org\/wordpress\/wp-json\/wp\/v2\/comments?post=8608"}],"version-history":[{"count":6,"href":"https:\/\/www.ades-grenoble.org\/wordpress\/wp-json\/wp\/v2\/posts\/8608\/revisions"}],"predecessor-version":[{"id":8623,"href":"https:\/\/www.ades-grenoble.org\/wordpress\/wp-json\/wp\/v2\/posts\/8608\/revisions\/8623"}],"wp:attachment":[{"href":"https:\/\/www.ades-grenoble.org\/wordpress\/wp-json\/wp\/v2\/media?parent=8608"}],"wp:term":[{"taxonomy":"category","embeddable":true,"href":"https:\/\/www.ades-grenoble.org\/wordpress\/wp-json\/wp\/v2\/categories?post=8608"},{"taxonomy":"post_tag","embeddable":true,"href":"https:\/\/www.ades-grenoble.org\/wordpress\/wp-json\/wp\/v2\/tags?post=8608"}],"curies":[{"name":"wp","href":"https:\/\/api.w.org\/{rel}","templated":true}]}}