{"id":8902,"date":"2014-07-11T14:19:34","date_gmt":"2014-07-11T12:19:34","guid":{"rendered":"http:\/\/www.ades-grenoble.org\/wordpress\/?p=8902"},"modified":"2014-08-02T14:25:49","modified_gmt":"2014-08-02T12:25:49","slug":"alpexpo-enfin-de-la-clarte","status":"publish","type":"post","link":"https:\/\/www.ades-grenoble.org\/wordpress\/2014\/07\/11\/alpexpo-enfin-de-la-clarte\/","title":{"rendered":"ALPEXPO enfin de la clart\u00e9"},"content":{"rendered":"<div id=\"attachment_6844\" style=\"width: 310px\" class=\"wp-caption alignleft\"><img loading=\"lazy\" decoding=\"async\" aria-describedby=\"caption-attachment-6844\" class=\"size-full wp-image-6844\" src=\"http:\/\/www.ades-grenoble.org\/wordpress\/wp-content\/uploads\/2013\/03\/alpexpo-2-e1405106315548.jpg\" alt=\"Photo DR\" width=\"300\" height=\"169\" \/><p id=\"caption-attachment-6844\" class=\"wp-caption-text\">Photo DR<\/p><\/div>\n<p style=\"text-align: justify;\">Au conseil municipal du 21 juillet, une d\u00e9lib\u00e9ration sera pr\u00e9sent\u00e9e qui fait enfin la clart\u00e9 sur la situation financi\u00e8re d\u2019ALPEXPO. Cela tranche avec ce qui se passait avant o\u00f9 personne ne savait o\u00f9 on en \u00e9tait. Ce qui ne veut pas dire que l\u2019avenir de cette soci\u00e9t\u00e9 soit d\u00e9termin\u00e9, mais au moins on sait o\u00f9 on en est.<\/p>\n<p style=\"text-align: justify;\">Depuis le passage de G. Chanal, la situation financi\u00e8re de la SEM \u00e9tait devenue catastrophique. Les actionnaires dont la Ville (qui d\u00e9tient 35 % des actions) ont d\u00fb en 2013 recapitaliser \u00e0 hauteur de 4,9 M\u20ac (1,9 M\u20ac pour Grenoble). Mais ce chiffre \u00e9tait fond\u00e9 sur un r\u00e9sultat attendu pour fin 2013 de &#8211; 0,66 M\u20ac, or on sait maintenant que ce r\u00e9sultat est \u2013 2,18 M\u20ac\u00a0! Les capitaux propres sont de nouveaux n\u00e9gatifs. Voila ce que laissent en h\u00e9ritage MM. Destot et Safar.<\/p>\n<p style=\"text-align: justify;\"><!--more--><\/p>\n<p style=\"text-align: justify;\">Les dettes de la SEM sont tr\u00e8s importante et pour la ville de Grenoble elles atteignent 3,7 M\u20ac. Le d\u00e9ficit estim\u00e9 pour fin 2014 serait de 1,8 M\u20ac, et les capitaux propres seraient alors de \u2013 2,38 M\u20ac. C\u2019est le tonneau des Dana\u00efdes. Pour gagner un peu de temps, la ville ne facturera pas, pour l\u2019instant, pour environ 1,3 M\u20ac ce que devrait lui verser la SEM en 2014.<\/p>\n<p style=\"text-align: justify;\">La ville doit travailler sur l\u2019avenir la SEM avec la M\u00e9tro pour pr\u00e9parer le passage en M\u00e9tropole. Il pourrait \u00eatre mis fin anticip\u00e9e \u00e0 la d\u00e9l\u00e9gation de service public qui se termine fin 2019. La ville recherche les meilleures solutions pour assurer la p\u00e9rennit\u00e9 de l\u2019\u00e9quipement g\u00e9r\u00e9 actuellement par la SEM. Le feuilleton n\u2019est donc pas termin\u00e9 et souhaitons beaucoup d\u2019imagination et de rigueur \u00e0 la nouvelle majorit\u00e9 pour sortir efficacement de cette catastrophe. A suivre.<\/p>\n","protected":false},"excerpt":{"rendered":"<p>Au conseil municipal du 21 juillet, une d\u00e9lib\u00e9ration sera pr\u00e9sent\u00e9e qui fait enfin la clart\u00e9 sur la situation financi\u00e8re d\u2019ALPEXPO. Cela tranche avec ce qui se passait avant o\u00f9 personne ne savait o\u00f9 on en \u00e9tait. Ce qui ne veut pas dire que l\u2019avenir de cette soci\u00e9t\u00e9 soit d\u00e9termin\u00e9, mais au moins on sait o\u00f9 [&hellip;]<\/p>\n","protected":false},"author":1,"featured_media":0,"comment_status":"closed","ping_status":"open","sticky":false,"template":"","format":"standard","meta":{"twitterCardType":"","cardImageID":0,"cardImage":"","cardTitle":"","cardDesc":"","cardImageAlt":"","cardPlayer":"","cardPlayerWidth":0,"cardPlayerHeight":0,"cardPlayerStream":"","cardPlayerCodec":"","footnotes":""},"categories":[62,11],"tags":[98],"class_list":["post-8902","post","type-post","status-publish","format-standard","hentry","category-le-rouge-le-vert-hebdo","category-politique-locale","tag-alpexpo"],"_links":{"self":[{"href":"https:\/\/www.ades-grenoble.org\/wordpress\/wp-json\/wp\/v2\/posts\/8902","targetHints":{"allow":["GET"]}}],"collection":[{"href":"https:\/\/www.ades-grenoble.org\/wordpress\/wp-json\/wp\/v2\/posts"}],"about":[{"href":"https:\/\/www.ades-grenoble.org\/wordpress\/wp-json\/wp\/v2\/types\/post"}],"author":[{"embeddable":true,"href":"https:\/\/www.ades-grenoble.org\/wordpress\/wp-json\/wp\/v2\/users\/1"}],"replies":[{"embeddable":true,"href":"https:\/\/www.ades-grenoble.org\/wordpress\/wp-json\/wp\/v2\/comments?post=8902"}],"version-history":[{"count":1,"href":"https:\/\/www.ades-grenoble.org\/wordpress\/wp-json\/wp\/v2\/posts\/8902\/revisions"}],"predecessor-version":[{"id":8903,"href":"https:\/\/www.ades-grenoble.org\/wordpress\/wp-json\/wp\/v2\/posts\/8902\/revisions\/8903"}],"wp:attachment":[{"href":"https:\/\/www.ades-grenoble.org\/wordpress\/wp-json\/wp\/v2\/media?parent=8902"}],"wp:term":[{"taxonomy":"category","embeddable":true,"href":"https:\/\/www.ades-grenoble.org\/wordpress\/wp-json\/wp\/v2\/categories?post=8902"},{"taxonomy":"post_tag","embeddable":true,"href":"https:\/\/www.ades-grenoble.org\/wordpress\/wp-json\/wp\/v2\/tags?post=8902"}],"curies":[{"name":"wp","href":"https:\/\/api.w.org\/{rel}","templated":true}]}}