{"id":9237,"date":"2014-10-31T18:58:52","date_gmt":"2014-10-31T16:58:52","guid":{"rendered":"http:\/\/www.ades-grenoble.org\/wordpress\/?p=9237"},"modified":"2014-10-31T20:26:26","modified_gmt":"2014-10-31T18:26:26","slug":"un-film-a-aller-voir-la-tourmente-grecque","status":"publish","type":"post","link":"https:\/\/www.ades-grenoble.org\/wordpress\/2014\/10\/31\/un-film-a-aller-voir-la-tourmente-grecque\/","title":{"rendered":"Un film \u00e0 aller voir : \u00ab la tourmente grecque \u00bb"},"content":{"rendered":"<p style=\"text-align: justify;\"><strong><img loading=\"lazy\" decoding=\"async\" class=\"alignleft size-full wp-image-9238\" src=\"http:\/\/www.ades-grenoble.org\/wordpress\/wp-content\/uploads\/2014\/10\/TourmenteGrecque.jpg\" alt=\"Tourmente Grecque\" width=\"400\" height=\"199\" srcset=\"https:\/\/www.ades-grenoble.org\/wordpress\/wp-content\/uploads\/2014\/10\/TourmenteGrecque.jpg 400w, https:\/\/www.ades-grenoble.org\/wordpress\/wp-content\/uploads\/2014\/10\/TourmenteGrecque-150x74.jpg 150w, https:\/\/www.ades-grenoble.org\/wordpress\/wp-content\/uploads\/2014\/10\/TourmenteGrecque-300x149.jpg 300w\" sizes=\"auto, (max-width: 400px) 100vw, 400px\" \/>Jeudi 6 novembre \u00e0 19 h 30 au cin\u00e9ma le Club, 9 bis rue du Phalanst\u00e8re \u00e0 Grenoble. LA TOURMENTE GRECQUE<\/strong>\u00a0: un gros plan \u00e0 la fois humain et \u00e9conomique sur les causes et les cons\u00e9quences de la crise grecque. R\u00e9alis\u00e9 par Philippe Menut. Tarif unique : 6,00 euros<\/p>\n<p style=\"text-align: justify;\">Le film donne la parole aux salari\u00e9(e)s, militant(e)s, \u00e9conomistes, m\u00e9decins, ministres, ch\u00f4meurs\/euses, philosophes&#8230; Ils\/elles donnent leur \u00e9clairage sur la crise v\u00e9cue de l&rsquo;int\u00e9rieur, et t\u00e9moignent de la r\u00e9sistance et de la solidarit\u00e9 du peuple grec. Une enqu\u00eate pr\u00e9cise et claire sur les m\u00e9canismes de l\u2019aust\u00e9rit\u00e9 et de la dette publique ouvre le d\u00e9bat sur l&rsquo;avenir d&rsquo;une zone euro en crise.<br \/>\n\u00ab <em>Je n&rsquo;ai pas fait un film pour expliquer ce que je savais, j&rsquo;ai compris ce qu\u2019il en est en tournant le film\u00a0<\/em>\u00bb (Philippe Menut).<\/p>\n<p style=\"text-align: justify;\"><!--more--><\/p>\n<p style=\"text-align: justify;\">Cette initiative est soutenue par le collectif pour un audit citoyen de la dette publique-Is\u00e8re, le <strong>CAC 38<\/strong> agit pour d\u00e9noncer l\u2019arnaque de la dette publique qui p\u00e8se sur les peuples et propose le refus de paiement de cette dette ill\u00e9gitime, \u00e0 l\u2019issue d\u2019un audit citoyen suivi d\u2019un moratoire.<br \/>\nConstitu\u00e9 d\u2019associations, de partis politiques, de syndicats le CAC 38 est ouvert \u00e0 tout citoyen. Il anime des r\u00e9unions d\u2019information \u00e0 la demande, y compris pour de petits groupes.\u00a0Il est entre autre actuellement engag\u00e9 aupr\u00e8s des collectivit\u00e9s locales qui souhaitent lancer des audits de leurs pr\u00eats toxiques et mener une action en justice en particulier aupr\u00e8s de Dexia.<\/p>\n<p style=\"text-align: justify;\">Pour en savoir plus : Contact du collectif local de Grenoble : <a href=\"mailto:audit.citoyen38@gmail.com\">audit.citoyen38@gmail.com<\/a><br \/>\nInfos sur le site national : <a title=\"CAC\" href=\"http:\/\/www.audit-citoyen.org\" target=\"_blank\">www.audit-citoyen.org<\/a><\/p>\n","protected":false},"excerpt":{"rendered":"<p>Jeudi 6 novembre \u00e0 19 h 30 au cin\u00e9ma le Club, 9 bis rue du Phalanst\u00e8re \u00e0 Grenoble. LA TOURMENTE GRECQUE\u00a0: un gros plan \u00e0 la fois humain et \u00e9conomique sur les causes et les cons\u00e9quences de la crise grecque. R\u00e9alis\u00e9 par Philippe Menut. Tarif unique : 6,00 euros Le film donne la parole aux [&hellip;]<\/p>\n","protected":false},"author":1,"featured_media":0,"comment_status":"closed","ping_status":"open","sticky":false,"template":"","format":"standard","meta":{"twitterCardType":"","cardImageID":0,"cardImage":"","cardTitle":"","cardDesc":"","cardImageAlt":"","cardPlayer":"","cardPlayerWidth":0,"cardPlayerHeight":0,"cardPlayerStream":"","cardPlayerCodec":"","footnotes":""},"categories":[62,11],"tags":[47,33],"class_list":["post-9237","post","type-post","status-publish","format-standard","hentry","category-le-rouge-le-vert-hebdo","category-politique-locale","tag-budget-alternatif","tag-social"],"_links":{"self":[{"href":"https:\/\/www.ades-grenoble.org\/wordpress\/wp-json\/wp\/v2\/posts\/9237","targetHints":{"allow":["GET"]}}],"collection":[{"href":"https:\/\/www.ades-grenoble.org\/wordpress\/wp-json\/wp\/v2\/posts"}],"about":[{"href":"https:\/\/www.ades-grenoble.org\/wordpress\/wp-json\/wp\/v2\/types\/post"}],"author":[{"embeddable":true,"href":"https:\/\/www.ades-grenoble.org\/wordpress\/wp-json\/wp\/v2\/users\/1"}],"replies":[{"embeddable":true,"href":"https:\/\/www.ades-grenoble.org\/wordpress\/wp-json\/wp\/v2\/comments?post=9237"}],"version-history":[{"count":2,"href":"https:\/\/www.ades-grenoble.org\/wordpress\/wp-json\/wp\/v2\/posts\/9237\/revisions"}],"predecessor-version":[{"id":9240,"href":"https:\/\/www.ades-grenoble.org\/wordpress\/wp-json\/wp\/v2\/posts\/9237\/revisions\/9240"}],"wp:attachment":[{"href":"https:\/\/www.ades-grenoble.org\/wordpress\/wp-json\/wp\/v2\/media?parent=9237"}],"wp:term":[{"taxonomy":"category","embeddable":true,"href":"https:\/\/www.ades-grenoble.org\/wordpress\/wp-json\/wp\/v2\/categories?post=9237"},{"taxonomy":"post_tag","embeddable":true,"href":"https:\/\/www.ades-grenoble.org\/wordpress\/wp-json\/wp\/v2\/tags?post=9237"}],"curies":[{"name":"wp","href":"https:\/\/api.w.org\/{rel}","templated":true}]}}