{"id":9241,"date":"2014-10-31T19:18:20","date_gmt":"2014-10-31T17:18:20","guid":{"rendered":"http:\/\/www.ades-grenoble.org\/wordpress\/?p=9241"},"modified":"2014-10-31T20:26:33","modified_gmt":"2014-10-31T18:26:33","slug":"geg-suite","status":"publish","type":"post","link":"https:\/\/www.ades-grenoble.org\/wordpress\/2014\/10\/31\/geg-suite\/","title":{"rendered":"GEG suite \u2026"},"content":{"rendered":"<p style=\"text-align: justify;\"><img loading=\"lazy\" decoding=\"async\" class=\"alignleft wp-image-9242 size-full\" src=\"http:\/\/www.ades-grenoble.org\/wordpress\/wp-content\/uploads\/2014\/10\/logo-cgt-mines-e1414775859129.png\" alt=\"logo-cgt-mines\" width=\"150\" height=\"224\" \/>Le syndicat CGT \u00e9nergie de l\u2019Is\u00e8re a rendu publique le 23 octobre une analyse sur ce qui s\u2019est pass\u00e9 sur l\u2019avenir de GEG et de l\u2019\u00e9clairage public suite \u00e0 la commission d\u2019appel d\u2019offres qui a retenu le concurrent de GEG pour le march\u00e9 de l\u2019\u00e9clairage (CREM).<\/p>\n<p style=\"text-align: justify;\">La CGT s\u2019interroge \u00e0 juste titre\u00a0:<\/p>\n<p style=\"text-align: justify;\"><em>\u00ab\u00a0Rappelons que c&rsquo;est une premi\u00e8re en France qu&rsquo;une SEM \u00e0 majorit\u00e9 municipale ne soit pas retenue dans un appel d&rsquo;offres de cette nature. Cela ne m\u00e9rite il pas quelques explications? Comment GEG \u00e0 pu perdre cet appel d&rsquo;offres ? Cet appel d&rsquo;offres \u00e9tait-il vraiment n\u00e9cessaire? <\/em><\/p>\n<p style=\"text-align: justify;\"><em>Qui est responsable de cette situation?\u00a0\u00bb<\/em><\/p>\n<p style=\"text-align: justify;\"><!--more-->Ce n\u2019est pas le seul march\u00e9 que GEG vient de perdre dans l\u2019agglom\u00e9ration. C\u2019est le signe d\u2019une perte de comp\u00e9titivit\u00e9 importante et inqui\u00e9tante. Est-ce li\u00e9 \u00e0 une perte de comp\u00e9tence\u00a0? Il a d\u00e9j\u00e0 \u00e9t\u00e9 not\u00e9 que la ville de Grenoble a n\u00e9glig\u00e9 depuis de tr\u00e8s longues ann\u00e9es le renouvellement de l\u2019\u00e9clairage public et que la direction de GEG n\u2019a pas fait l\u2019expertise n\u00e9cessaire, ni tir\u00e9 le signal d\u2019alarme, alors que l\u2019on sait depuis plus de 10 ans qu\u2019il n\u2019y a pas assez d\u2019investissements faits dans ce domaine. Les responsabilit\u00e9s de M. Destot et J. Safar sont accablantes, c\u2019est d\u2019ailleurs pour cela que ce dernier n\u2019arr\u00eate pas de faire diversion en attaquant le maire actuel, esp\u00e9rant ainsi faire oublier son incomp\u00e9tence et sa d\u00e9sinvolture dans ce dossier.<\/p>\n<p style=\"text-align: justify;\">Souhaitons que les administrateurs, la direction et les personnels de GEG analysent de mani\u00e8re approfondie les raisons de cette situation afin de pouvoir rebondir et permettre de maintenir un service public de qualit\u00e9 capable d\u2019entrer de plein pied dans la transition \u00e9nerg\u00e9tique n\u00e9cessaire et de survivre dans un contexte de concurrence impos\u00e9e.<\/p>\n<p style=\"text-align: justify;\">N\u2019oublions jamais que c\u2019est le personnel qui fait la comp\u00e9tence d\u2019un service public et qu\u2019en g\u00e9n\u00e9ral, les grands groupes priv\u00e9s ne sont l\u00e0 que pour faire du profit et accaparer les exp\u00e9riences professionnelles et tr\u00e8s rarement pour apporter des innovations, contrairement \u00e0 la croyance habituelle. Dans le cas de GEG, le groupe GDF-Suez n\u2019a rien apport\u00e9 de significatif qui aurait permis \u00e0 cette SEM de candidater aux appels d\u2019offres dans de bonnes conditions. On peut m\u00eame se demander s\u2019il n\u2019a pas \u00e9t\u00e9 un frein dans le CREM o\u00f9 GEG aurait pu se rapprocher d\u2019entreprises locales innovantes dans les nouvelles technologies d\u2019\u00e9clairage\u00a0?<\/p>\n","protected":false},"excerpt":{"rendered":"<p>Le syndicat CGT \u00e9nergie de l\u2019Is\u00e8re a rendu publique le 23 octobre une analyse sur ce qui s\u2019est pass\u00e9 sur l\u2019avenir de GEG et de l\u2019\u00e9clairage public suite \u00e0 la commission d\u2019appel d\u2019offres qui a retenu le concurrent de GEG pour le march\u00e9 de l\u2019\u00e9clairage (CREM). La CGT s\u2019interroge \u00e0 juste titre\u00a0: \u00ab\u00a0Rappelons que c&rsquo;est [&hellip;]<\/p>\n","protected":false},"author":1,"featured_media":0,"comment_status":"closed","ping_status":"open","sticky":false,"template":"","format":"standard","meta":{"twitterCardType":"","cardImageID":0,"cardImage":"","cardTitle":"","cardDesc":"","cardImageAlt":"","cardPlayer":"","cardPlayerWidth":0,"cardPlayerHeight":0,"cardPlayerStream":"","cardPlayerCodec":"","footnotes":""},"categories":[62,11],"tags":[67,28],"class_list":["post-9241","post","type-post","status-publish","format-standard","hentry","category-le-rouge-le-vert-hebdo","category-politique-locale","tag-conseil-municipal","tag-geg"],"_links":{"self":[{"href":"https:\/\/www.ades-grenoble.org\/wordpress\/wp-json\/wp\/v2\/posts\/9241","targetHints":{"allow":["GET"]}}],"collection":[{"href":"https:\/\/www.ades-grenoble.org\/wordpress\/wp-json\/wp\/v2\/posts"}],"about":[{"href":"https:\/\/www.ades-grenoble.org\/wordpress\/wp-json\/wp\/v2\/types\/post"}],"author":[{"embeddable":true,"href":"https:\/\/www.ades-grenoble.org\/wordpress\/wp-json\/wp\/v2\/users\/1"}],"replies":[{"embeddable":true,"href":"https:\/\/www.ades-grenoble.org\/wordpress\/wp-json\/wp\/v2\/comments?post=9241"}],"version-history":[{"count":2,"href":"https:\/\/www.ades-grenoble.org\/wordpress\/wp-json\/wp\/v2\/posts\/9241\/revisions"}],"predecessor-version":[{"id":9244,"href":"https:\/\/www.ades-grenoble.org\/wordpress\/wp-json\/wp\/v2\/posts\/9241\/revisions\/9244"}],"wp:attachment":[{"href":"https:\/\/www.ades-grenoble.org\/wordpress\/wp-json\/wp\/v2\/media?parent=9241"}],"wp:term":[{"taxonomy":"category","embeddable":true,"href":"https:\/\/www.ades-grenoble.org\/wordpress\/wp-json\/wp\/v2\/categories?post=9241"},{"taxonomy":"post_tag","embeddable":true,"href":"https:\/\/www.ades-grenoble.org\/wordpress\/wp-json\/wp\/v2\/tags?post=9241"}],"curies":[{"name":"wp","href":"https:\/\/api.w.org\/{rel}","templated":true}]}}