{"id":9245,"date":"2014-10-31T19:20:59","date_gmt":"2014-10-31T17:20:59","guid":{"rendered":"http:\/\/www.ades-grenoble.org\/wordpress\/?p=9245"},"modified":"2014-10-31T20:26:45","modified_gmt":"2014-10-31T18:26:45","slug":"budget-municipal-de-2015","status":"publish","type":"post","link":"https:\/\/www.ades-grenoble.org\/wordpress\/2014\/10\/31\/budget-municipal-de-2015\/","title":{"rendered":"Budget municipal de 2015"},"content":{"rendered":"<p style=\"text-align: justify;\"><img loading=\"lazy\" decoding=\"async\" class=\"alignleft size-full wp-image-350\" src=\"http:\/\/www.ades-grenoble.org\/wordpress\/wp-content\/uploads\/2008\/12\/tirelire.jpg\" alt=\"tirelire\" width=\"167\" height=\"158\" \/>Il faut d\u00e9noncer les informations qui expliquent que malgr\u00e9 la baisse violente des dotations de l\u2019Etat les recettes des communes vont continuer \u00e0 augmenter en 2015. Ce n\u2019est pas le cas pour Grenoble o\u00f9 pour la premi\u00e8re fois depuis de tr\u00e8s longues ann\u00e9es (peut \u00eatre depuis la Lib\u00e9ration\u00a0?) les recettes de la commune vont diminuer de mani\u00e8re significative d\u00e8s 2015.<\/p>\n<p style=\"text-align: justify;\">D\u00e9j\u00e0 le budget 2014 pr\u00e9sentait une \u00e9volution tr\u00e8s lente de ses recettes de fonctionnement par rapport \u00e0 la r\u00e9alit\u00e9 2013\u00a0: seulement 0,6 M\u20ac sur 285 M\u20ac\u00a0! Malheureusement la gestion pr\u00e9c\u00e9dente et ses coups partis ont entrain\u00e9 une augmentation tr\u00e8s excessive des d\u00e9penses de gestion\u00a0qu\u2019on peut estimer \u00e0 plus 8 M\u20ac par rapport \u00e0 2013, malgr\u00e9 les efforts d\u2019\u00e9conomie faits depuis le changement de majorit\u00e9.<\/p>\n<p style=\"text-align: justify;\">En 2015, les recettes de fonctionnement du budget principal vont diminuer d\u2019environ 7 M\u20ac par rapport \u00e0 2014 suite aux perspectives d\u00e9crites dans la loi de finances en cours de discussion au Parlement et \u00e0 l\u2019engagement de la majorit\u00e9 de ne pas augmenter les taux des imp\u00f4ts.<\/p>\n<p style=\"text-align: justify;\"><!--more-->La cure d\u2019amaigrissement va \u00eatre extr\u00eamement violente si la majorit\u00e9 ne veut pas voir son budget refus\u00e9 par le pr\u00e9fet. En effet les contraintes l\u00e9gales sont de deux sortes\u00a0:<\/p>\n<ul style=\"text-align: justify;\">\n<li>le solde (obligatoirement positif) du budget de fonctionnement doit permettre de financer les amortissements qui sont d\u2019environ 18 M\u20ac. Donc les d\u00e9penses doivent \u00eatre fortement contraintes pour maintenir l\u2019\u00e9pargne brute au dessus de cette somme.<\/li>\n<li>le remboursement du capital des emprunts doit \u00eatre financ\u00e9 par l\u2019\u00e9pargne brute et les ressources propres d\u2019investissement (Fonds de Compensation de la TVA, cessions, taxe d\u2019\u00e9quipement). Actuellement il y a un peu de marge, mais la baisse des investissements impos\u00e9e par la politique gouvernementale va entrainer une baisse du FCTVA et la M\u00e9tro va recevoir la taxe d\u2019\u00e9quipement, d\u2019o\u00f9 une vigilance accrue pour \u00e9viter de se trouver dans l\u2019obligation de vendre plus fortement du patrimoine municipal \u00e0 l\u2019avenir, ce qui ne sera pas forc\u00e9ment facile ou souhaitable.<\/li>\n<\/ul>\n<p style=\"text-align: justify;\">La mairie doit communiquer rapidement sur les contraintes qui p\u00e8sent sur son budget afin que tous les habitants comprennent ce qui va se passer dans les ann\u00e9es futures \u00e0 cause de la politique d\u2019aust\u00e9rit\u00e9 tr\u00e8s violente du gouvernement<\/p>\n","protected":false},"excerpt":{"rendered":"<p>Il faut d\u00e9noncer les informations qui expliquent que malgr\u00e9 la baisse violente des dotations de l\u2019Etat les recettes des communes vont continuer \u00e0 augmenter en 2015. Ce n\u2019est pas le cas pour Grenoble o\u00f9 pour la premi\u00e8re fois depuis de tr\u00e8s longues ann\u00e9es (peut \u00eatre depuis la Lib\u00e9ration\u00a0?) les recettes de la commune vont diminuer [&hellip;]<\/p>\n","protected":false},"author":1,"featured_media":0,"comment_status":"closed","ping_status":"open","sticky":false,"template":"","format":"standard","meta":{"twitterCardType":"","cardImageID":0,"cardImage":"","cardTitle":"","cardDesc":"","cardImageAlt":"","cardPlayer":"","cardPlayerWidth":0,"cardPlayerHeight":0,"cardPlayerStream":"","cardPlayerCodec":"","footnotes":""},"categories":[62,11],"tags":[47,19],"class_list":["post-9245","post","type-post","status-publish","format-standard","hentry","category-le-rouge-le-vert-hebdo","category-politique-locale","tag-budget-alternatif","tag-impots"],"_links":{"self":[{"href":"https:\/\/www.ades-grenoble.org\/wordpress\/wp-json\/wp\/v2\/posts\/9245","targetHints":{"allow":["GET"]}}],"collection":[{"href":"https:\/\/www.ades-grenoble.org\/wordpress\/wp-json\/wp\/v2\/posts"}],"about":[{"href":"https:\/\/www.ades-grenoble.org\/wordpress\/wp-json\/wp\/v2\/types\/post"}],"author":[{"embeddable":true,"href":"https:\/\/www.ades-grenoble.org\/wordpress\/wp-json\/wp\/v2\/users\/1"}],"replies":[{"embeddable":true,"href":"https:\/\/www.ades-grenoble.org\/wordpress\/wp-json\/wp\/v2\/comments?post=9245"}],"version-history":[{"count":1,"href":"https:\/\/www.ades-grenoble.org\/wordpress\/wp-json\/wp\/v2\/posts\/9245\/revisions"}],"predecessor-version":[{"id":9246,"href":"https:\/\/www.ades-grenoble.org\/wordpress\/wp-json\/wp\/v2\/posts\/9245\/revisions\/9246"}],"wp:attachment":[{"href":"https:\/\/www.ades-grenoble.org\/wordpress\/wp-json\/wp\/v2\/media?parent=9245"}],"wp:term":[{"taxonomy":"category","embeddable":true,"href":"https:\/\/www.ades-grenoble.org\/wordpress\/wp-json\/wp\/v2\/categories?post=9245"},{"taxonomy":"post_tag","embeddable":true,"href":"https:\/\/www.ades-grenoble.org\/wordpress\/wp-json\/wp\/v2\/tags?post=9245"}],"curies":[{"name":"wp","href":"https:\/\/api.w.org\/{rel}","templated":true}]}}