{"id":93,"date":"2008-04-03T20:03:23","date_gmt":"2008-04-03T18:03:23","guid":{"rendered":"http:\/\/www.ades-grenoble.org\/wordpress\/?p=93"},"modified":"2010-04-05T18:09:40","modified_gmt":"2010-04-05T16:09:40","slug":"atteinte-a-la-democratie-menace-deviction-de-tout-elu-e-ecologiste-a-la-metro","status":"publish","type":"post","link":"https:\/\/www.ades-grenoble.org\/wordpress\/2008\/04\/03\/atteinte-a-la-democratie-menace-deviction-de-tout-elu-e-ecologiste-a-la-metro\/","title":{"rendered":"Atteinte \u00e0 la d\u00e9mocratie : menace d&rsquo;\u00e9viction de tout \u00e9lu-e \u00e9cologiste \u00e0 la M\u00e9tro"},"content":{"rendered":"<p class=\"rss_chapo\">Les nouveaux \u00e9luEs \u00e9cologistes des communes de l&rsquo;agglom\u00e9ration grenobloise, et le groupe des \u00e9luEs \u00e9cologistes de la M\u00e9tro pendant la p\u00e9riode 2001-2008, mettent en cause l&rsquo;absence programm\u00e9e d&rsquo;\u00e9luEs \u00e9cologistes pour ce prochain mandat.<a href=\"http:\/\/www.grenoble-ecologie-solidarite.fr\/spip.php?article225\" target=\"_blank\"><\/a><\/p>\n<p class=\"rss_chapo\"><a href=\"http:\/\/www.grenoble-ecologie-solidarite.fr\/spip.php?article225\" target=\"_blank\">A lire sur le site de nos \u00e9lu-e-s <\/a><\/p>\n","protected":false},"excerpt":{"rendered":"<p>Les nouveaux \u00e9luEs \u00e9cologistes des communes de l&rsquo;agglom\u00e9ration grenobloise, et le groupe des \u00e9luEs \u00e9cologistes de la M\u00e9tro pendant la p\u00e9riode 2001-2008, mettent en cause l&rsquo;absence programm\u00e9e d&rsquo;\u00e9luEs \u00e9cologistes pour ce prochain mandat. A lire sur le site de nos \u00e9lu-e-s<\/p>\n","protected":false},"author":1,"featured_media":0,"comment_status":"open","ping_status":"open","sticky":false,"template":"","format":"standard","meta":{"twitterCardType":"","cardImageID":0,"cardImage":"","cardTitle":"","cardDesc":"","cardImageAlt":"","cardPlayer":"","cardPlayerWidth":0,"cardPlayerHeight":0,"cardPlayerStream":"","cardPlayerCodec":"","footnotes":""},"categories":[11],"tags":[32],"class_list":["post-93","post","type-post","status-publish","format-standard","hentry","category-politique-locale","tag-metro"],"_links":{"self":[{"href":"https:\/\/www.ades-grenoble.org\/wordpress\/wp-json\/wp\/v2\/posts\/93","targetHints":{"allow":["GET"]}}],"collection":[{"href":"https:\/\/www.ades-grenoble.org\/wordpress\/wp-json\/wp\/v2\/posts"}],"about":[{"href":"https:\/\/www.ades-grenoble.org\/wordpress\/wp-json\/wp\/v2\/types\/post"}],"author":[{"embeddable":true,"href":"https:\/\/www.ades-grenoble.org\/wordpress\/wp-json\/wp\/v2\/users\/1"}],"replies":[{"embeddable":true,"href":"https:\/\/www.ades-grenoble.org\/wordpress\/wp-json\/wp\/v2\/comments?post=93"}],"version-history":[{"count":1,"href":"https:\/\/www.ades-grenoble.org\/wordpress\/wp-json\/wp\/v2\/posts\/93\/revisions"}],"predecessor-version":[{"id":1432,"href":"https:\/\/www.ades-grenoble.org\/wordpress\/wp-json\/wp\/v2\/posts\/93\/revisions\/1432"}],"wp:attachment":[{"href":"https:\/\/www.ades-grenoble.org\/wordpress\/wp-json\/wp\/v2\/media?parent=93"}],"wp:term":[{"taxonomy":"category","embeddable":true,"href":"https:\/\/www.ades-grenoble.org\/wordpress\/wp-json\/wp\/v2\/categories?post=93"},{"taxonomy":"post_tag","embeddable":true,"href":"https:\/\/www.ades-grenoble.org\/wordpress\/wp-json\/wp\/v2\/tags?post=93"}],"curies":[{"name":"wp","href":"https:\/\/api.w.org\/{rel}","templated":true}]}}