{"id":9352,"date":"2014-11-28T20:19:58","date_gmt":"2014-11-28T18:19:58","guid":{"rendered":"http:\/\/www.ades-grenoble.org\/wordpress\/?p=9352"},"modified":"2014-11-28T21:33:41","modified_gmt":"2014-11-28T19:33:41","slug":"le-portrait-social-de-la-france-tres-degrade","status":"publish","type":"post","link":"https:\/\/www.ades-grenoble.org\/wordpress\/2014\/11\/28\/le-portrait-social-de-la-france-tres-degrade\/","title":{"rendered":"Le portrait social de la France, tr\u00e8s d\u00e9grad\u00e9"},"content":{"rendered":"<p style=\"text-align: justify;\"><img loading=\"lazy\" decoding=\"async\" class=\"alignleft wp-image-9353 size-full\" src=\"http:\/\/www.ades-grenoble.org\/wordpress\/wp-content\/uploads\/2014\/11\/fps.png\" alt=\"fps\" width=\"190\" height=\"96\" srcset=\"https:\/\/www.ades-grenoble.org\/wordpress\/wp-content\/uploads\/2014\/11\/fps.png 190w, https:\/\/www.ades-grenoble.org\/wordpress\/wp-content\/uploads\/2014\/11\/fps-150x75.png 150w\" sizes=\"auto, (max-width: 190px) 100vw, 190px\" \/>Chaque ann\u00e9e l\u2019INSEE \u00e9dite un portrait social. Le 18 novembre, l\u2019institut rend celui de 2014 qui est particuli\u00e8rement d\u00e9primant\u00a0: augmentation de la pr\u00e9carit\u00e9, les plus fragiles sont encore plus fragilis\u00e9s, par contre les hauts revenus se portent bien. Le nombre de sans domicile a augment\u00e9 de 44% entre 2001 et 2012\u00a0! Tous les indicateurs sont mauvais\u00a0: ch\u00f4mage de longue dur\u00e9e, in\u00e9galit\u00e9s de revenus, b\u00e9n\u00e9ficiaires des minima sociaux, sans domicile\u2026 Une indication importante qui doit faire r\u00e9fl\u00e9chir au moment o\u00f9 sont lanc\u00e9es les m\u00e9tropoles\u00a0: les revenus sont en plus en forte hausse dans les couronnes des grandes aires urbaines indiquant l\u2019augmentation des in\u00e9galit\u00e9s territoriales.<\/p>\n<p style=\"text-align: justify;\">Pour lire le portrait social 2014<a href=\"http:\/\/www.insee.fr\/fr\/publications-et-services\/sommaire.asp?ref_id=FPORSOC14\" target=\"_blank\"> cliquez ici.<\/a><strong><br \/>\n<\/strong><\/p>\n<p>&nbsp;<\/p>\n","protected":false},"excerpt":{"rendered":"<p>Chaque ann\u00e9e l\u2019INSEE \u00e9dite un portrait social. Le 18 novembre, l\u2019institut rend celui de 2014 qui est particuli\u00e8rement d\u00e9primant\u00a0: augmentation de la pr\u00e9carit\u00e9, les plus fragiles sont encore plus fragilis\u00e9s, par contre les hauts revenus se portent bien. Le nombre de sans domicile a augment\u00e9 de 44% entre 2001 et 2012\u00a0! Tous les indicateurs sont [&hellip;]<\/p>\n","protected":false},"author":1,"featured_media":0,"comment_status":"closed","ping_status":"open","sticky":false,"template":"","format":"standard","meta":{"twitterCardType":"","cardImageID":0,"cardImage":"","cardTitle":"","cardDesc":"","cardImageAlt":"","cardPlayer":"","cardPlayerWidth":0,"cardPlayerHeight":0,"cardPlayerStream":"","cardPlayerCodec":"","footnotes":""},"categories":[62,11],"tags":[33],"class_list":["post-9352","post","type-post","status-publish","format-standard","hentry","category-le-rouge-le-vert-hebdo","category-politique-locale","tag-social"],"_links":{"self":[{"href":"https:\/\/www.ades-grenoble.org\/wordpress\/wp-json\/wp\/v2\/posts\/9352","targetHints":{"allow":["GET"]}}],"collection":[{"href":"https:\/\/www.ades-grenoble.org\/wordpress\/wp-json\/wp\/v2\/posts"}],"about":[{"href":"https:\/\/www.ades-grenoble.org\/wordpress\/wp-json\/wp\/v2\/types\/post"}],"author":[{"embeddable":true,"href":"https:\/\/www.ades-grenoble.org\/wordpress\/wp-json\/wp\/v2\/users\/1"}],"replies":[{"embeddable":true,"href":"https:\/\/www.ades-grenoble.org\/wordpress\/wp-json\/wp\/v2\/comments?post=9352"}],"version-history":[{"count":2,"href":"https:\/\/www.ades-grenoble.org\/wordpress\/wp-json\/wp\/v2\/posts\/9352\/revisions"}],"predecessor-version":[{"id":9355,"href":"https:\/\/www.ades-grenoble.org\/wordpress\/wp-json\/wp\/v2\/posts\/9352\/revisions\/9355"}],"wp:attachment":[{"href":"https:\/\/www.ades-grenoble.org\/wordpress\/wp-json\/wp\/v2\/media?parent=9352"}],"wp:term":[{"taxonomy":"category","embeddable":true,"href":"https:\/\/www.ades-grenoble.org\/wordpress\/wp-json\/wp\/v2\/categories?post=9352"},{"taxonomy":"post_tag","embeddable":true,"href":"https:\/\/www.ades-grenoble.org\/wordpress\/wp-json\/wp\/v2\/tags?post=9352"}],"curies":[{"name":"wp","href":"https:\/\/api.w.org\/{rel}","templated":true}]}}