{"id":9374,"date":"2014-11-28T21:28:50","date_gmt":"2014-11-28T19:28:50","guid":{"rendered":"http:\/\/www.ades-grenoble.org\/wordpress\/?p=9374"},"modified":"2014-11-28T21:34:31","modified_gmt":"2014-11-28T19:34:31","slug":"vengeance-quand-tu-nous-tiens","status":"publish","type":"post","link":"https:\/\/www.ades-grenoble.org\/wordpress\/2014\/11\/28\/vengeance-quand-tu-nous-tiens\/","title":{"rendered":"Vengeance, quand tu nous tiens !"},"content":{"rendered":"<p><img loading=\"lazy\" decoding=\"async\" class=\"alignleft wp-image-9377 size-full\" src=\"http:\/\/www.ades-grenoble.org\/wordpress\/wp-content\/uploads\/2014\/11\/Decaux-RV1.jpg\" alt=\"Decaux-R&amp;V\" width=\"285\" height=\"297\" srcset=\"https:\/\/www.ades-grenoble.org\/wordpress\/wp-content\/uploads\/2014\/11\/Decaux-RV1.jpg 285w, https:\/\/www.ades-grenoble.org\/wordpress\/wp-content\/uploads\/2014\/11\/Decaux-RV1-143x150.jpg 143w\" sizes=\"auto, (max-width: 285px) 100vw, 285px\" \/>JCDecaux sur les abris bus, veut se venger de la fin du contrat avec la ville\u00a0en punissant \u00ab\u00a0<em>le Rouge et le Vert<\/em>\u00a0\u00bb\u00a0! Ne c\u00e9dez pas \u00e0 la publicit\u00e9\u00a0!!!<\/p>\n","protected":false},"excerpt":{"rendered":"<p>JCDecaux sur les abris bus, veut se venger de la fin du contrat avec la ville\u00a0en punissant \u00ab\u00a0le Rouge et le Vert\u00a0\u00bb\u00a0! Ne c\u00e9dez pas \u00e0 la publicit\u00e9\u00a0!!!<\/p>\n","protected":false},"author":1,"featured_media":0,"comment_status":"closed","ping_status":"open","sticky":false,"template":"","format":"standard","meta":{"twitterCardType":"","cardImageID":0,"cardImage":"","cardTitle":"","cardDesc":"","cardImageAlt":"","cardPlayer":"","cardPlayerWidth":0,"cardPlayerHeight":0,"cardPlayerStream":"","cardPlayerCodec":"","footnotes":""},"categories":[62,11],"tags":[104],"class_list":["post-9374","post","type-post","status-publish","format-standard","hentry","category-le-rouge-le-vert-hebdo","category-politique-locale","tag-economie"],"_links":{"self":[{"href":"https:\/\/www.ades-grenoble.org\/wordpress\/wp-json\/wp\/v2\/posts\/9374","targetHints":{"allow":["GET"]}}],"collection":[{"href":"https:\/\/www.ades-grenoble.org\/wordpress\/wp-json\/wp\/v2\/posts"}],"about":[{"href":"https:\/\/www.ades-grenoble.org\/wordpress\/wp-json\/wp\/v2\/types\/post"}],"author":[{"embeddable":true,"href":"https:\/\/www.ades-grenoble.org\/wordpress\/wp-json\/wp\/v2\/users\/1"}],"replies":[{"embeddable":true,"href":"https:\/\/www.ades-grenoble.org\/wordpress\/wp-json\/wp\/v2\/comments?post=9374"}],"version-history":[{"count":1,"href":"https:\/\/www.ades-grenoble.org\/wordpress\/wp-json\/wp\/v2\/posts\/9374\/revisions"}],"predecessor-version":[{"id":9378,"href":"https:\/\/www.ades-grenoble.org\/wordpress\/wp-json\/wp\/v2\/posts\/9374\/revisions\/9378"}],"wp:attachment":[{"href":"https:\/\/www.ades-grenoble.org\/wordpress\/wp-json\/wp\/v2\/media?parent=9374"}],"wp:term":[{"taxonomy":"category","embeddable":true,"href":"https:\/\/www.ades-grenoble.org\/wordpress\/wp-json\/wp\/v2\/categories?post=9374"},{"taxonomy":"post_tag","embeddable":true,"href":"https:\/\/www.ades-grenoble.org\/wordpress\/wp-json\/wp\/v2\/tags?post=9374"}],"curies":[{"name":"wp","href":"https:\/\/api.w.org\/{rel}","templated":true}]}}