{"id":9458,"date":"2014-12-12T20:07:50","date_gmt":"2014-12-12T18:07:50","guid":{"rendered":"http:\/\/www.ades-grenoble.org\/wordpress\/?p=9458"},"modified":"2014-12-12T21:45:27","modified_gmt":"2014-12-12T19:45:27","slug":"basses-manoeuvres-au-conseil-general","status":"publish","type":"post","link":"https:\/\/www.ades-grenoble.org\/wordpress\/2014\/12\/12\/basses-manoeuvres-au-conseil-general\/","title":{"rendered":"Basses man\u0153uvres au Conseil G\u00e9n\u00e9ral !!!"},"content":{"rendered":"<p style=\"text-align: justify;\"><img loading=\"lazy\" decoding=\"async\" class=\"alignleft wp-image-9460 size-full\" src=\"http:\/\/www.ades-grenoble.org\/wordpress\/wp-content\/uploads\/2014\/12\/hemicycle_CGI1.jpg\" alt=\"hemicycle CGI\" width=\"300\" height=\"170\" srcset=\"https:\/\/www.ades-grenoble.org\/wordpress\/wp-content\/uploads\/2014\/12\/hemicycle_CGI1.jpg 300w, https:\/\/www.ades-grenoble.org\/wordpress\/wp-content\/uploads\/2014\/12\/hemicycle_CGI1-150x85.jpg 150w\" sizes=\"auto, (max-width: 300px) 100vw, 300px\" \/>Du jamais vu. Le 11 d\u00e9cembre lors de la s\u00e9ance du Conseil G\u00e9n\u00e9ral, le Pr\u00e9sident propose en pleine s\u00e9ance un amendement surprise au budget 2015 qui d\u00e9cide de retirer le CGI du SMTC si la M\u00e9tro n\u2019accepte pas sa proposition de baisser la subvention du CGI au SMTC de 37 M\u20ac \u00e0 25 M\u20ac. Un v\u00e9ritable chantage qui met en p\u00e9ril un service public essentiel \u00e0 une majorit\u00e9 d\u2019habitants du d\u00e9partement. En effet de tr\u00e8s nombreux usagers des transports en commun du SMTC n\u2019habitent pas dans l\u2019agglom\u00e9ration, car les emplois et de nombreuses activit\u00e9s sont concentr\u00e9s dans l\u2019agglom\u00e9ration. Il est donc tout \u00e0 fait normal que le CGI participe \u00e0 haut niveau au fonctionnement du SMTC.<\/p>\n<p style=\"text-align: justify;\"><!--more-->A noter que seule une conseill\u00e8re g\u00e9n\u00e9rale (A. Germain) PS de Grenoble a vot\u00e9 contre cette manipulation, par contre Mmes Crifo et Perez ainsi que MM Pinot et Pilaud ont vot\u00e9 pour. Il faudra en tenir compte lors des prochaines \u00e9lections d\u00e9partementales.<\/p>\n<p style=\"text-align: justify;\">Les usagers du SMTC sont donc pris en otages par des pratiques politiques indignes. Les Pr\u00e9sidents du SMTC et de la M\u00e9tro se sont \u00e9lev\u00e9s contre les mensonges du pr\u00e9sident du CGI.<\/p>\n","protected":false},"excerpt":{"rendered":"<p>Du jamais vu. Le 11 d\u00e9cembre lors de la s\u00e9ance du Conseil G\u00e9n\u00e9ral, le Pr\u00e9sident propose en pleine s\u00e9ance un amendement surprise au budget 2015 qui d\u00e9cide de retirer le CGI du SMTC si la M\u00e9tro n\u2019accepte pas sa proposition de baisser la subvention du CGI au SMTC de 37 M\u20ac \u00e0 25 M\u20ac. Un [&hellip;]<\/p>\n","protected":false},"author":1,"featured_media":0,"comment_status":"closed","ping_status":"open","sticky":false,"template":"","format":"standard","meta":{"twitterCardType":"","cardImageID":0,"cardImage":"","cardTitle":"","cardDesc":"","cardImageAlt":"","cardPlayer":"","cardPlayerWidth":0,"cardPlayerHeight":0,"cardPlayerStream":"","cardPlayerCodec":"","footnotes":""},"categories":[62,11],"tags":[22,5,32],"class_list":["post-9458","post","type-post","status-publish","format-standard","hentry","category-le-rouge-le-vert-hebdo","category-politique-locale","tag-conseil-general-de-lisere","tag-deplacements","tag-metro"],"_links":{"self":[{"href":"https:\/\/www.ades-grenoble.org\/wordpress\/wp-json\/wp\/v2\/posts\/9458","targetHints":{"allow":["GET"]}}],"collection":[{"href":"https:\/\/www.ades-grenoble.org\/wordpress\/wp-json\/wp\/v2\/posts"}],"about":[{"href":"https:\/\/www.ades-grenoble.org\/wordpress\/wp-json\/wp\/v2\/types\/post"}],"author":[{"embeddable":true,"href":"https:\/\/www.ades-grenoble.org\/wordpress\/wp-json\/wp\/v2\/users\/1"}],"replies":[{"embeddable":true,"href":"https:\/\/www.ades-grenoble.org\/wordpress\/wp-json\/wp\/v2\/comments?post=9458"}],"version-history":[{"count":1,"href":"https:\/\/www.ades-grenoble.org\/wordpress\/wp-json\/wp\/v2\/posts\/9458\/revisions"}],"predecessor-version":[{"id":9461,"href":"https:\/\/www.ades-grenoble.org\/wordpress\/wp-json\/wp\/v2\/posts\/9458\/revisions\/9461"}],"wp:attachment":[{"href":"https:\/\/www.ades-grenoble.org\/wordpress\/wp-json\/wp\/v2\/media?parent=9458"}],"wp:term":[{"taxonomy":"category","embeddable":true,"href":"https:\/\/www.ades-grenoble.org\/wordpress\/wp-json\/wp\/v2\/categories?post=9458"},{"taxonomy":"post_tag","embeddable":true,"href":"https:\/\/www.ades-grenoble.org\/wordpress\/wp-json\/wp\/v2\/tags?post=9458"}],"curies":[{"name":"wp","href":"https:\/\/api.w.org\/{rel}","templated":true}]}}