{"id":9543,"date":"2015-01-09T23:00:59","date_gmt":"2015-01-09T21:00:59","guid":{"rendered":"http:\/\/www.ades-grenoble.org\/wordpress\/?p=9543"},"modified":"2015-01-10T09:46:05","modified_gmt":"2015-01-10T07:46:05","slug":"preparation-democratique-du-budget-de-grenoble","status":"publish","type":"post","link":"https:\/\/www.ades-grenoble.org\/wordpress\/2015\/01\/09\/preparation-democratique-du-budget-de-grenoble\/","title":{"rendered":"Pr\u00e9paration d\u00e9mocratique du budget de Grenoble"},"content":{"rendered":"<p style=\"text-align: justify;\"><img loading=\"lazy\" decoding=\"async\" class=\" size-full wp-image-9544 alignleft\" src=\"http:\/\/www.ades-grenoble.org\/wordpress\/wp-content\/uploads\/2015\/01\/austerite.png\" alt=\"austerite\" width=\"221\" height=\"315\" srcset=\"https:\/\/www.ades-grenoble.org\/wordpress\/wp-content\/uploads\/2015\/01\/austerite.png 221w, https:\/\/www.ades-grenoble.org\/wordpress\/wp-content\/uploads\/2015\/01\/austerite-105x150.png 105w, https:\/\/www.ades-grenoble.org\/wordpress\/wp-content\/uploads\/2015\/01\/austerite-210x300.png 210w\" sizes=\"auto, (max-width: 221px) 100vw, 221px\" \/>Lors du Conseil municipal du 26 janvier, les \u00e9lus d\u00e9battront des orientations budg\u00e9taires pour 2015, \u00e9tape obligatoire avant le vote du budget le 23 f\u00e9vrier. Comme la majorit\u00e9 s\u2019y est engag\u00e9, des d\u00e9bats publics sur la construction du budget de la ville auront lieu avant le 26 janvier. Ainsi les \u00e9lus auront re\u00e7u, avant de d\u00e9cider, les avis et les id\u00e9es des habitants sur les grandes orientations du budget. Plus de 300 habitants ont d\u00e9j\u00e0 particip\u00e9 aux formations sur le budget organis\u00e9es par la mairie.<\/p>\n<p style=\"text-align: justify;\">La v\u00e9rit\u00e9 doit \u00eatre clairement expliqu\u00e9e\u00a0: la baisse tr\u00e8s brutale des dotations de l\u2019Etat aux collectivit\u00e9s locales a des cons\u00e9quences tr\u00e8s n\u00e9gatives sur la construction du budget. \u00c0 Grenoble, l\u2019ancienne \u00e9quipe a consomm\u00e9 l\u2019enti\u00e8re augmentation des imp\u00f4ts de 2009 en oubliant qu\u2019il fallait g\u00e9rer avec une grande rigueur l\u2019argent public qui allait devenir de plus en plus rare. Fin 2013, ils ont vot\u00e9 un budget qui s\u2019av\u00e8rera insinc\u00e8re lors de l\u2019adoption en juillet 2014 du budget suppl\u00e9mentaire o\u00f9 il manque plus de 7 M\u20ac pour payer les personnels d\u2019ici la fin de l\u2019ann\u00e9e. L\u2019\u00e9pargne de la ville, obtenue gr\u00e2ce aux efforts des contribuables (augmentation de 9% des taux en 2009), a \u00e9t\u00e9 engloutie en 2 ans et demi. Plus de 13 M\u20ac ont ainsi fondu par absence de gestion rigoureuse. Pourtant ils devaient savoir que l\u2019avenir serait encore plus difficile. Il n\u2019est jamais bon de donner des facilit\u00e9s financi\u00e8re \u00e0 des \u00e9lus qui sont pr\u00eats \u00e0 d\u00e9penser plus qu\u2019ils n\u2019ont.<\/p>\n<p style=\"text-align: justify;\"><!--more-->Maintenant, pour le budget 2015, les contraintes vont \u00eatre tr\u00e8s fortes puisque pour la premi\u00e8re fois depuis des lustres, la ville de Grenoble va voir ses recettes de fonctionnement diminuer par rapport \u00e0 l\u2019ann\u00e9e pass\u00e9e. Les \u00e9conomies n\u00e9cessaires pour construire un budget sinc\u00e8re et l\u00e9gal vont \u00eatre tr\u00e8s importantes\u00a0: ma\u00eetrise tr\u00e8s forte des frais de personnels, diminutions des subventions aux organismes et associations et diminution tr\u00e8s importante des d\u00e9penses de gestion de la ville. Tout cela aura des cons\u00e9quences n\u00e9gatives sur certains services rendus aux habitants.<\/p>\n<p style=\"text-align: justify;\">Heureusement la nouvelle \u00e9quipe a vite stopp\u00e9 le maximum d\u2019op\u00e9rations qui auraient plomb\u00e9 encore plus le budget\u00a0: Palais des Sports, agrandissement du stade Lesdigui\u00e8res, diminution du nombre de voitures de la ville, non remplacement syst\u00e9matique d\u2019agents absents, diminution des indemnit\u00e9s des \u00e9lus\u2026<\/p>\n<p style=\"text-align: justify;\">Les cons\u00e9quences seront n\u00e9gatives pour l\u2019emploi local par la baisse g\u00e9n\u00e9rale des investissements des collectivit\u00e9s locales, r\u00e9sultat exactement inverse de celui recherch\u00e9 par le gouvernement.<\/p>\n<p style=\"text-align: justify;\">C\u2019est pourquoi il faut signer <a title=\"p\u00e9tition mairie\" href=\"http:\/\/www.grenoble.fr\/TPL_CODE\/TPL_ACTUALITE\/PAR_TPL_IDENTIFIANT\/1233\/6-mairie.htm\" target=\"_blank\">la p\u00e9tition de la mairie<\/a> pour le maintien des dotations de l\u2019Etat aux collectivit\u00e9s locales.<\/p>\n","protected":false},"excerpt":{"rendered":"<p>Lors du Conseil municipal du 26 janvier, les \u00e9lus d\u00e9battront des orientations budg\u00e9taires pour 2015, \u00e9tape obligatoire avant le vote du budget le 23 f\u00e9vrier. Comme la majorit\u00e9 s\u2019y est engag\u00e9, des d\u00e9bats publics sur la construction du budget de la ville auront lieu avant le 26 janvier. Ainsi les \u00e9lus auront re\u00e7u, avant de [&hellip;]<\/p>\n","protected":false},"author":1,"featured_media":0,"comment_status":"closed","ping_status":"open","sticky":false,"template":"","format":"standard","meta":{"twitterCardType":"","cardImageID":0,"cardImage":"","cardTitle":"","cardDesc":"","cardImageAlt":"","cardPlayer":"","cardPlayerWidth":0,"cardPlayerHeight":0,"cardPlayerStream":"","cardPlayerCodec":"","footnotes":""},"categories":[62,11],"tags":[47],"class_list":["post-9543","post","type-post","status-publish","format-standard","hentry","category-le-rouge-le-vert-hebdo","category-politique-locale","tag-budget-alternatif"],"_links":{"self":[{"href":"https:\/\/www.ades-grenoble.org\/wordpress\/wp-json\/wp\/v2\/posts\/9543","targetHints":{"allow":["GET"]}}],"collection":[{"href":"https:\/\/www.ades-grenoble.org\/wordpress\/wp-json\/wp\/v2\/posts"}],"about":[{"href":"https:\/\/www.ades-grenoble.org\/wordpress\/wp-json\/wp\/v2\/types\/post"}],"author":[{"embeddable":true,"href":"https:\/\/www.ades-grenoble.org\/wordpress\/wp-json\/wp\/v2\/users\/1"}],"replies":[{"embeddable":true,"href":"https:\/\/www.ades-grenoble.org\/wordpress\/wp-json\/wp\/v2\/comments?post=9543"}],"version-history":[{"count":1,"href":"https:\/\/www.ades-grenoble.org\/wordpress\/wp-json\/wp\/v2\/posts\/9543\/revisions"}],"predecessor-version":[{"id":9545,"href":"https:\/\/www.ades-grenoble.org\/wordpress\/wp-json\/wp\/v2\/posts\/9543\/revisions\/9545"}],"wp:attachment":[{"href":"https:\/\/www.ades-grenoble.org\/wordpress\/wp-json\/wp\/v2\/media?parent=9543"}],"wp:term":[{"taxonomy":"category","embeddable":true,"href":"https:\/\/www.ades-grenoble.org\/wordpress\/wp-json\/wp\/v2\/categories?post=9543"},{"taxonomy":"post_tag","embeddable":true,"href":"https:\/\/www.ades-grenoble.org\/wordpress\/wp-json\/wp\/v2\/tags?post=9543"}],"curies":[{"name":"wp","href":"https:\/\/api.w.org\/{rel}","templated":true}]}}