{"id":9546,"date":"2015-01-09T23:05:56","date_gmt":"2015-01-09T21:05:56","guid":{"rendered":"http:\/\/www.ades-grenoble.org\/wordpress\/?p=9546"},"modified":"2015-01-09T23:16:08","modified_gmt":"2015-01-09T21:16:08","slug":"politique-politicienne-30","status":"publish","type":"post","link":"https:\/\/www.ades-grenoble.org\/wordpress\/2015\/01\/09\/politique-politicienne-30\/","title":{"rendered":"Politique politicienne"},"content":{"rendered":"<p style=\"text-align: justify;\"><img loading=\"lazy\" decoding=\"async\" class=\" size-full wp-image-9460 alignleft\" src=\"http:\/\/www.ades-grenoble.org\/wordpress\/wp-content\/uploads\/2014\/12\/hemicycle_CGI1.jpg\" alt=\"hemicycle CGI\" width=\"300\" height=\"170\" srcset=\"https:\/\/www.ades-grenoble.org\/wordpress\/wp-content\/uploads\/2014\/12\/hemicycle_CGI1.jpg 300w, https:\/\/www.ades-grenoble.org\/wordpress\/wp-content\/uploads\/2014\/12\/hemicycle_CGI1-150x85.jpg 150w\" sizes=\"auto, (max-width: 300px) 100vw, 300px\" \/>&#8211; Mme G. Perez ne se repr\u00e9sentera pas aux prochaines \u00e9lections d\u00e9partementales. Elle donne des conseils un peu bizarres puisqu\u2019elle accuse la droite au conseil g\u00e9n\u00e9ral de ne pas s\u2019occuper des vrais probl\u00e8mes en se focalisant sur l\u2019A480 et l\u2019A51. Faudrait-il lui rappeler qu\u2019au Conseil g\u00e9n\u00e9ral, celui qui ne pense qu\u2019\u00e0 \u00e7a, est l\u2019ancien pr\u00e9sident A. Vallini. Mais peut-\u00eatre pense t\u2019elle qu\u2019il est de droite\u00a0? Dans ce cas nous serions d\u2019accord avec elle.<\/p>\n<p style=\"text-align: justify;\"><!--more-->&#8211; A. Vallini persiste et signe. Comme pour Sarkozy, pour lui l\u2019\u00e9cologie et la loi \u00e7a commence \u00e0 bien faire. Nos lois et r\u00e8glements ralentissent ou emp\u00eachent de r\u00e9aliser certains grands projets comme les a\u00e9roports, les autoroutes, Center Parcs\u2026 essentiels selon lui au d\u00e9veloppement \u00e9conomique. Il confirme son incapacit\u00e9 \u00e0 penser \u00e0 un autre mode de d\u00e9veloppement plus soutenable et respectueux de l\u2019environnement et des g\u00e9n\u00e9rations futures.<\/p>\n","protected":false},"excerpt":{"rendered":"<p>&#8211; Mme G. Perez ne se repr\u00e9sentera pas aux prochaines \u00e9lections d\u00e9partementales. Elle donne des conseils un peu bizarres puisqu\u2019elle accuse la droite au conseil g\u00e9n\u00e9ral de ne pas s\u2019occuper des vrais probl\u00e8mes en se focalisant sur l\u2019A480 et l\u2019A51. Faudrait-il lui rappeler qu\u2019au Conseil g\u00e9n\u00e9ral, celui qui ne pense qu\u2019\u00e0 \u00e7a, est l\u2019ancien pr\u00e9sident [&hellip;]<\/p>\n","protected":false},"author":1,"featured_media":0,"comment_status":"closed","ping_status":"open","sticky":false,"template":"","format":"standard","meta":{"twitterCardType":"","cardImageID":0,"cardImage":"","cardTitle":"","cardDesc":"","cardImageAlt":"","cardPlayer":"","cardPlayerWidth":0,"cardPlayerHeight":0,"cardPlayerStream":"","cardPlayerCodec":"","footnotes":""},"categories":[62,11],"tags":[54],"class_list":["post-9546","post","type-post","status-publish","format-standard","hentry","category-le-rouge-le-vert-hebdo","category-politique-locale","tag-politique-droite-gauche"],"_links":{"self":[{"href":"https:\/\/www.ades-grenoble.org\/wordpress\/wp-json\/wp\/v2\/posts\/9546","targetHints":{"allow":["GET"]}}],"collection":[{"href":"https:\/\/www.ades-grenoble.org\/wordpress\/wp-json\/wp\/v2\/posts"}],"about":[{"href":"https:\/\/www.ades-grenoble.org\/wordpress\/wp-json\/wp\/v2\/types\/post"}],"author":[{"embeddable":true,"href":"https:\/\/www.ades-grenoble.org\/wordpress\/wp-json\/wp\/v2\/users\/1"}],"replies":[{"embeddable":true,"href":"https:\/\/www.ades-grenoble.org\/wordpress\/wp-json\/wp\/v2\/comments?post=9546"}],"version-history":[{"count":1,"href":"https:\/\/www.ades-grenoble.org\/wordpress\/wp-json\/wp\/v2\/posts\/9546\/revisions"}],"predecessor-version":[{"id":9547,"href":"https:\/\/www.ades-grenoble.org\/wordpress\/wp-json\/wp\/v2\/posts\/9546\/revisions\/9547"}],"wp:attachment":[{"href":"https:\/\/www.ades-grenoble.org\/wordpress\/wp-json\/wp\/v2\/media?parent=9546"}],"wp:term":[{"taxonomy":"category","embeddable":true,"href":"https:\/\/www.ades-grenoble.org\/wordpress\/wp-json\/wp\/v2\/categories?post=9546"},{"taxonomy":"post_tag","embeddable":true,"href":"https:\/\/www.ades-grenoble.org\/wordpress\/wp-json\/wp\/v2\/tags?post=9546"}],"curies":[{"name":"wp","href":"https:\/\/api.w.org\/{rel}","templated":true}]}}