{"id":9647,"date":"2015-01-30T21:54:25","date_gmt":"2015-01-30T19:54:25","guid":{"rendered":"http:\/\/www.ades-grenoble.org\/wordpress\/?p=9647"},"modified":"2015-01-30T22:52:10","modified_gmt":"2015-01-30T20:52:10","slug":"on-en-na-pas-reve-mais-ils-lont-fait","status":"publish","type":"post","link":"https:\/\/www.ades-grenoble.org\/wordpress\/2015\/01\/30\/on-en-na-pas-reve-mais-ils-lont-fait\/","title":{"rendered":"On en n\u2019a pas r\u00eav\u00e9, mais ils l\u2019ont fait !"},"content":{"rendered":"<p style=\"text-align: justify;\"><img loading=\"lazy\" decoding=\"async\" class=\" size-full wp-image-9675 alignleft\" src=\"http:\/\/www.ades-grenoble.org\/wordpress\/wp-content\/uploads\/2015\/01\/13regions.png\" alt=\"13regions\" width=\"288\" height=\"305\" srcset=\"https:\/\/www.ades-grenoble.org\/wordpress\/wp-content\/uploads\/2015\/01\/13regions.png 288w, https:\/\/www.ades-grenoble.org\/wordpress\/wp-content\/uploads\/2015\/01\/13regions-142x150.png 142w, https:\/\/www.ades-grenoble.org\/wordpress\/wp-content\/uploads\/2015\/01\/13regions-283x300.png 283w\" sizes=\"auto, (max-width: 288px) 100vw, 288px\" \/>\u00c7a y est, le Conseil constitutionnel a annonc\u00e9 ce jeudi 15 janvier qu\u2019il valide la loi portant sur le red\u00e9coupage de la France en\u00a0treize r\u00e9gions au 1er janvier 2016.<\/p>\n<p style=\"text-align: justify;\">Les \u00e9lections r\u00e9gionales sont donc repouss\u00e9es \u00e0 d\u00e9cembre 2015 au lieu de mars.<\/p>\n<p style=\"text-align: justify;\">Plus de 60 d\u00e9put\u00e9s et 60 s\u00e9nateurs (UMP et RDSE) l\u2019avaient saisi en invoquant plusieurs motifs suppos\u00e9s irr\u00e9guliers, dont 2 principaux\u00a0:<\/p>\n<ul style=\"text-align: justify;\">\n<li>que la loi aurait \u00e9t\u00e9 adopt\u00e9e selon une proc\u00e9dure contraire \u00e0 la Constitution, au motif que\u00a0\u00ab\u00a0 <em>le gouvernement aurait d\u00fb recueillir l&rsquo;avis consultatif pr\u00e9alable des collectivit\u00e9s concern\u00e9es\u00a0<\/em>\u00bb (d\u00e9partement et r\u00e9gions).<\/li>\n<li>que la proc\u00e9dure parlementaire d&rsquo;adoption du texte n\u2019a pas \u00e9t\u00e9 respect\u00e9e.<\/li>\n<\/ul>\n<p style=\"text-align: justify;\">Ces arguments on \u00e9t\u00e9 rejet\u00e9s par les juges constitutionnels, enterrant d\u00e9finitivement tout espoir pour les parlementaires de stopper cette r\u00e9forme.<\/p>\n<p style=\"text-align: justify;\"><!--more--><\/p>\n<p style=\"text-align: justify;\">On peut donc noter la c\u00e9l\u00e9rit\u00e9 avec laquelle ce projet a \u00e9t\u00e9 men\u00e9. Il a \u00e9t\u00e9 pr\u00e9sent\u00e9 par le Pr\u00e9sident de la R\u00e9publique il y a moins d\u2019un an et sera publi\u00e9 au JO dans les prochaines semaines.<\/p>\n<p style=\"text-align: justify;\">Nous serons donc Auvergnats Rh\u00f4ne Alpins \u00e0 partir du 1<sup>er<\/sup> janvier 2016\u00a0!<\/p>\n<p style=\"text-align: justify;\">Avec deux H\u00f4tels de R\u00e9gion flambants neufs, la fusion entre ces deux r\u00e9gions n\u2019augure pas les \u00e9conomies escompt\u00e9es par l\u2019Etat.<\/p>\n<p style=\"text-align: justify;\">Certains \u00e9lus envisagent d\u00e9j\u00e0 un fonctionnement avec deux si\u00e8ges, entre Lyon et Clermont-Ferrand, \u00e0 la mani\u00e8re de l\u2019Europe qui se partage entre Bruxelles et Strasbourg, avec \u00e0 la cl\u00e9, un co\u00fbt exorbitant pour le contribuable.<\/p>\n<p style=\"text-align: justify;\">Avant qu\u2019elles ne fusionnent, voici les r\u00e9gions Rh\u00f4ne-Alpes et Auvergne en quelques chiffres donn\u00e9s par l\u2019INSEE :<\/p>\n<p style=\"text-align: justify;\"><strong>Rh\u00f4ne-Alpes<\/strong>\u00a0:<\/p>\n<ul style=\"text-align: justify;\">\n<li>Superficie\u00a0: 43 698\u00a0km<sup>2<\/sup>, 2<sup>\u00e8me<\/sup> de France<\/li>\n<li>Population\u00a0: 6\u00a0341\u00a0160\u00a0habitants, 2<sup>\u00e8me<\/sup> de France<\/li>\n<li>PIB\u00a0: 196 995 millions d\u2019\u20ac, 2<sup>\u00e8me<\/sup> de France, 6<sup>\u00e8me<\/sup> en Europe.<\/li>\n<li>Dette \/ habitant\u00a0: 12<sup>\u00e8me<\/sup> de France<\/li>\n<\/ul>\n<p style=\"text-align: justify;\"><strong>Auvergne<\/strong>\u00a0:<\/p>\n<ul style=\"text-align: justify;\">\n<li>Superficie\u00a0: 26 013 km<sup>2<\/sup>, 10<sup>\u00e8me<\/sup> de France<\/li>\n<li>Population\u00a0: 1 339 247 habitants, 19<sup>\u00e8me<\/sup> de France<\/li>\n<li>PIB\u00a0: 33 756 millions d\u2019\u20ac, 19<sup>\u00e8me<\/sup> de France<\/li>\n<li>Dette \/ habitant\u00a0: 10<sup>\u00e8me<\/sup> de Franc<\/li>\n<\/ul>\n<p style=\"text-align: justify;\">La disparit\u00e9 entre ses deux r\u00e9gions est flagrante, c\u2019est l\u2019alliance du pot de fer et du pot de terre.<\/p>\n<p style=\"text-align: justify;\">La nouvelle r\u00e9gion devrait rester la 2<sup>nde<\/sup> r\u00e9gion de France la plus peupl\u00e9e (7 405 206 habitants) et la 3<sup>\u00e8me<\/sup> en superficie avec 69 711 km2<\/p>\n<p style=\"text-align: justify;\">Plus d\u2019information sur la d\u00e9cision du conseil constitutionnel en cliquant <a title=\"Conseil constitutionnel\" href=\"http:\/\/www.conseil-constitutionnel.fr\/conseil-constitutionnel\/francais\/les-decisions\/acces-par-date\/decisions-depuis-1959\/2015\/2014-709-dc\/communique-de-presse.143022.html\" target=\"_blank\">ici<\/a>.<\/p>\n","protected":false},"excerpt":{"rendered":"<p>\u00c7a y est, le Conseil constitutionnel a annonc\u00e9 ce jeudi 15 janvier qu\u2019il valide la loi portant sur le red\u00e9coupage de la France en\u00a0treize r\u00e9gions au 1er janvier 2016. Les \u00e9lections r\u00e9gionales sont donc repouss\u00e9es \u00e0 d\u00e9cembre 2015 au lieu de mars. Plus de 60 d\u00e9put\u00e9s et 60 s\u00e9nateurs (UMP et RDSE) l\u2019avaient saisi en [&hellip;]<\/p>\n","protected":false},"author":1,"featured_media":0,"comment_status":"closed","ping_status":"open","sticky":false,"template":"","format":"standard","meta":{"twitterCardType":"","cardImageID":0,"cardImage":"","cardTitle":"","cardDesc":"","cardImageAlt":"","cardPlayer":"","cardPlayerWidth":0,"cardPlayerHeight":0,"cardPlayerStream":"","cardPlayerCodec":"","footnotes":""},"categories":[62,11],"tags":[168],"class_list":["post-9647","post","type-post","status-publish","format-standard","hentry","category-le-rouge-le-vert-hebdo","category-politique-locale","tag-region"],"_links":{"self":[{"href":"https:\/\/www.ades-grenoble.org\/wordpress\/wp-json\/wp\/v2\/posts\/9647","targetHints":{"allow":["GET"]}}],"collection":[{"href":"https:\/\/www.ades-grenoble.org\/wordpress\/wp-json\/wp\/v2\/posts"}],"about":[{"href":"https:\/\/www.ades-grenoble.org\/wordpress\/wp-json\/wp\/v2\/types\/post"}],"author":[{"embeddable":true,"href":"https:\/\/www.ades-grenoble.org\/wordpress\/wp-json\/wp\/v2\/users\/1"}],"replies":[{"embeddable":true,"href":"https:\/\/www.ades-grenoble.org\/wordpress\/wp-json\/wp\/v2\/comments?post=9647"}],"version-history":[{"count":3,"href":"https:\/\/www.ades-grenoble.org\/wordpress\/wp-json\/wp\/v2\/posts\/9647\/revisions"}],"predecessor-version":[{"id":9676,"href":"https:\/\/www.ades-grenoble.org\/wordpress\/wp-json\/wp\/v2\/posts\/9647\/revisions\/9676"}],"wp:attachment":[{"href":"https:\/\/www.ades-grenoble.org\/wordpress\/wp-json\/wp\/v2\/media?parent=9647"}],"wp:term":[{"taxonomy":"category","embeddable":true,"href":"https:\/\/www.ades-grenoble.org\/wordpress\/wp-json\/wp\/v2\/categories?post=9647"},{"taxonomy":"post_tag","embeddable":true,"href":"https:\/\/www.ades-grenoble.org\/wordpress\/wp-json\/wp\/v2\/tags?post=9647"}],"curies":[{"name":"wp","href":"https:\/\/api.w.org\/{rel}","templated":true}]}}