{"id":9669,"date":"2015-01-30T22:30:18","date_gmt":"2015-01-30T20:30:18","guid":{"rendered":"http:\/\/www.ades-grenoble.org\/wordpress\/?p=9669"},"modified":"2015-01-30T22:35:01","modified_gmt":"2015-01-30T20:35:01","slug":"agenda-5","status":"publish","type":"post","link":"https:\/\/www.ades-grenoble.org\/wordpress\/2015\/01\/30\/agenda-5\/","title":{"rendered":"Agenda"},"content":{"rendered":"<p style=\"text-align: justify;\"><strong><span style=\"text-decoration: underline;\"><img loading=\"lazy\" decoding=\"async\" class=\"alignleft wp-image-9670 size-full\" src=\"http:\/\/www.ades-grenoble.org\/wordpress\/wp-content\/uploads\/2015\/01\/Muzikos-e1422650086560.jpg\" alt=\"Muzikos\" width=\"300\" height=\"208\" \/>Le 31 janvier, tous au Carnaval des Musikos <\/span><\/strong><\/p>\n<p style=\"text-align: justify;\"><strong>Samedi 31 janvier 2015<\/strong>, animations organis\u00e9es par des Unions de Quartier et le CLUQ (Comit\u00e9 de liaison des Unions de Quartier). <em>Venez d\u00e9guis\u00e9s dans les quartiers de Grenoble !! <\/em><\/p>\n<p style=\"text-align: justify;\"><strong>Grand rassemblement Quartier Exposition Bajati\u00e8re \/ Halle Cl\u00e9menceau <\/strong><\/p>\n<p style=\"text-align: justify;\"><strong>17h <\/strong>Animation en fanfare avec les Son\u2019enBulles avec stands, maquillage, buvette, petite restauration<\/p>\n<p style=\"text-align: justify;\"><strong>18h <\/strong>Grand Concert avec la participation des 150 musiciens de l\u2019Harmonie<\/p>\n<p style=\"text-align: justify;\"><strong>19h <\/strong>Destruction du Bonhomme Carnaval !!!<\/p>\n<p style=\"text-align: justify;\"><!--more--><\/p>\n<p style=\"text-align: justify;\"><strong>Auparavant\u00a0:<\/strong><\/p>\n<p style=\"text-align: justify;\"><strong>Quartier Ile Verte \/ Place Docteur Girard <\/strong><\/p>\n<p style=\"text-align: justify;\"><strong>12h-16h <\/strong>March\u00e9 \u00e9ph\u00e9m\u00e8re de produits locaux, artisanat, petite restauration<\/p>\n<p style=\"text-align: justify;\"><strong>12h <\/strong>Concert Son\u2019enBulles<\/p>\n<p style=\"text-align: justify;\"><strong>14h <\/strong>Concert du Quatuor de saxophone de l\u2019Harmonie<\/p>\n<hr \/>\n<p style=\"text-align: justify;\"><strong>Quartier Centre Ville \/ Kiosque Jardin de Ville <\/strong><\/p>\n<p style=\"text-align: justify;\"><strong>14h\u2013 16h <\/strong>Stands, maquillage<\/p>\n<p style=\"text-align: justify;\"><strong>15h <\/strong>Concert du Quintet de Cuivres de l\u2019Harmonie<\/p>\n<hr \/>\n<p style=\"text-align: justify;\"><strong>Quartier Mutualit\u00e9 Pr\u00e9fecture \/ au Bastion, Boulevard des Adieux <\/strong><\/p>\n<p style=\"text-align: justify;\"><strong>15h <\/strong>Concert de L\u2019Ensemble de Saxophones de l\u2019Harmonie<\/p>\n<p style=\"text-align: justify;\"><strong>15h45-16h15 <\/strong>Inauguration officielle de la Fresque \u00ab M\u00e9moire du quartier \u00bb<\/p>\n<hr \/>\n<p style=\"text-align: justify;\"><strong>Quartier Centre Gares\/ Hall de la Gare de Grenoble <\/strong><\/p>\n<p style=\"text-align: justify;\"><strong>15h <\/strong>Concert de L\u2019Ensemble de Clarinettes de L\u2019Harmonie<\/p>\n<hr \/>\n<p style=\"text-align: justify;\"><strong>Quartier Foch Aigle Lib\u00e9ration \/ Maison de la Culture Arm\u00e9nienne, 15 cours de la Lib\u00e9ration <\/strong><\/p>\n<p style=\"text-align: justify;\"><strong>14h-16h <\/strong>Animation<\/p>\n<p style=\"text-align: justify;\"><strong>15h <\/strong>Concert de l\u2019Orchestre Cadet et Junior de l\u2019Harmonie<\/p>\n<hr \/>\n<p style=\"text-align: justify;\"><strong>Quartier Championnet-Bonne-Condorcet-Foch \/ Maison du Bois D\u2019Artas , 3 rue Augereau <\/strong><\/p>\n<p style=\"text-align: justify;\"><strong>et Galerie de la Caserne de Bonne <\/strong><\/p>\n<p style=\"text-align: justify;\"><strong>14h-16h <\/strong>Animation, maquillage<\/p>\n<p style=\"text-align: justify;\"><strong>14h30 <\/strong>Concert de l\u2019Ensemble de Fl\u00fbtes de L\u2019Harmonie &#8211; Maison du bois d\u2019Artas<\/p>\n<p style=\"text-align: justify;\"><strong>16h <\/strong>Interm\u00e8de musical de L\u2019Ensemble de Fl\u00fbtes &#8211; Caserne de Bonne<\/p>\n","protected":false},"excerpt":{"rendered":"<p>Le 31 janvier, tous au Carnaval des Musikos Samedi 31 janvier 2015, animations organis\u00e9es par des Unions de Quartier et le CLUQ (Comit\u00e9 de liaison des Unions de Quartier). Venez d\u00e9guis\u00e9s dans les quartiers de Grenoble !! Grand rassemblement Quartier Exposition Bajati\u00e8re \/ Halle Cl\u00e9menceau 17h Animation en fanfare avec les Son\u2019enBulles avec stands, maquillage, [&hellip;]<\/p>\n","protected":false},"author":1,"featured_media":0,"comment_status":"closed","ping_status":"open","sticky":false,"template":"","format":"standard","meta":{"twitterCardType":"","cardImageID":0,"cardImage":"","cardTitle":"","cardDesc":"","cardImageAlt":"","cardPlayer":"","cardPlayerWidth":0,"cardPlayerHeight":0,"cardPlayerStream":"","cardPlayerCodec":"","footnotes":""},"categories":[62,11],"tags":[171,172],"class_list":["post-9669","post","type-post","status-publish","format-standard","hentry","category-le-rouge-le-vert-hebdo","category-politique-locale","tag-fete","tag-unions-de-quartiers"],"_links":{"self":[{"href":"https:\/\/www.ades-grenoble.org\/wordpress\/wp-json\/wp\/v2\/posts\/9669","targetHints":{"allow":["GET"]}}],"collection":[{"href":"https:\/\/www.ades-grenoble.org\/wordpress\/wp-json\/wp\/v2\/posts"}],"about":[{"href":"https:\/\/www.ades-grenoble.org\/wordpress\/wp-json\/wp\/v2\/types\/post"}],"author":[{"embeddable":true,"href":"https:\/\/www.ades-grenoble.org\/wordpress\/wp-json\/wp\/v2\/users\/1"}],"replies":[{"embeddable":true,"href":"https:\/\/www.ades-grenoble.org\/wordpress\/wp-json\/wp\/v2\/comments?post=9669"}],"version-history":[{"count":3,"href":"https:\/\/www.ades-grenoble.org\/wordpress\/wp-json\/wp\/v2\/posts\/9669\/revisions"}],"predecessor-version":[{"id":9674,"href":"https:\/\/www.ades-grenoble.org\/wordpress\/wp-json\/wp\/v2\/posts\/9669\/revisions\/9674"}],"wp:attachment":[{"href":"https:\/\/www.ades-grenoble.org\/wordpress\/wp-json\/wp\/v2\/media?parent=9669"}],"wp:term":[{"taxonomy":"category","embeddable":true,"href":"https:\/\/www.ades-grenoble.org\/wordpress\/wp-json\/wp\/v2\/categories?post=9669"},{"taxonomy":"post_tag","embeddable":true,"href":"https:\/\/www.ades-grenoble.org\/wordpress\/wp-json\/wp\/v2\/tags?post=9669"}],"curies":[{"name":"wp","href":"https:\/\/api.w.org\/{rel}","templated":true}]}}