{"id":9894,"date":"2015-03-13T18:53:43","date_gmt":"2015-03-13T17:53:43","guid":{"rendered":"http:\/\/www.ades-grenoble.org\/wordpress\/?p=9894"},"modified":"2015-03-13T19:16:55","modified_gmt":"2015-03-13T18:16:55","slug":"budget-de-letablissement-public-foncier-local","status":"publish","type":"post","link":"https:\/\/www.ades-grenoble.org\/wordpress\/2015\/03\/13\/budget-de-letablissement-public-foncier-local\/","title":{"rendered":"Budget de l\u2019Etablissement Public Foncier Local"},"content":{"rendered":"<p style=\"text-align: justify;\"><img loading=\"lazy\" decoding=\"async\" class=\" size-full wp-image-9896 alignleft\" src=\"http:\/\/www.ades-grenoble.org\/wordpress\/wp-content\/uploads\/2015\/03\/EPFL.jpg\" alt=\"EPFL\" width=\"250\" height=\"194\" srcset=\"https:\/\/www.ades-grenoble.org\/wordpress\/wp-content\/uploads\/2015\/03\/EPFL.jpg 250w, https:\/\/www.ades-grenoble.org\/wordpress\/wp-content\/uploads\/2015\/03\/EPFL-150x116.jpg 150w\" sizes=\"auto, (max-width: 250px) 100vw, 250px\" \/>Le 12 mars le conseil d\u2019administration de l\u2019EPFL (\u00e9tablissement public foncier local) a vot\u00e9 son budget 2015. Tous les contribuables de l\u2019agglom\u00e9ration (et au-del\u00e0) devraient savoir qu\u2019ils financent par leurs imp\u00f4ts cet \u00e9tablissement public, qui est un acteur important et indispensable pour une politique fonci\u00e8re utile, m\u00eame si elle s\u2019av\u00e8re insuffisante \u00e0 l\u2019\u00e9chelle des 137 communes couvertes.<\/p>\n<p style=\"text-align: justify;\">L\u2019EPFL agit sur les territoires de la M\u00e9tro, des communaut\u00e9s de communes du Pays de St Marcellin, de Chambaran Vinay Vercors, de la communaut\u00e9 d\u2019agglom\u00e9ration du Pays Voironnais et de 4 communes individuelles (St Th\u00e9offrey, Pruni\u00e8res, Autrans, M\u00e9audre). Cela repr\u00e9sente 604\u00a0000 habitants.<\/p>\n<p style=\"text-align: justify;\">L\u2019EPFL est financ\u00e9 par la Taxe Sp\u00e9ciale d\u2019Equipement (TSE) et c\u2019est lui qui d\u00e9cide du montant dans la limite de 20 \u20ac par habitants et par an. Pour 2015, l\u2019EPFL va pr\u00e9lever sur les feuilles d\u2019imp\u00f4ts locaux la somme de 11,6 M\u20ac soit 19,28 \u20ac par habitant, donc pratiquement le maximum.<\/p>\n<p style=\"text-align: justify;\"><!--more--><\/p>\n<p style=\"text-align: justify;\">Ce qui est int\u00e9ressant de noter c\u2019est que ce pr\u00e9l\u00e8vement touche les m\u00e9nages par le pr\u00e9l\u00e8vement sur la taxe d\u2019habitation et la taxe fonci\u00e8re et aussi les entreprises sur leur cotisation fonci\u00e8re (CFE). Donc l\u2019assiette est large et l\u2019effort demand\u00e9 aux contribuables assez limit\u00e9. A Grenoble le taux de TSE est d\u2019environ 0,25 % pour la TH et de 0,5 % pour la taxe sur le foncier b\u00e2ti.<\/p>\n<p style=\"text-align: justify;\">En 2012, avant son extension au-del\u00e0 de la M\u00e9tro, l\u2019EPFL pr\u00e9levait 8,4 M\u20ac dont la moiti\u00e9 sur les entreprises, 2,8 M\u20ac sur la taxe fonci\u00e8re des m\u00e9nages et 1,5 M\u20ac sur la taxe d\u2019habitation. Donc les m\u00e9nages ne payent en moyenne qu\u2019environ la moiti\u00e9 des 19 \u20ac.<\/p>\n<p style=\"text-align: justify;\">L\u2019autre avantage de cet imp\u00f4t est qu\u2019il est directement affect\u00e9 \u00e0 une politique publique identifi\u00e9e\u00a0: il ne peut pas \u00eatre utilis\u00e9 \u00e0 d\u2019autres fins.<\/p>\n<p style=\"text-align: justify;\">Pour d\u00e9velopper la capacit\u00e9 d\u2019intervention publique sur le foncier qui est indispensable pour \u00e9viter les sp\u00e9culations, il faudrait militer pour que le pr\u00e9l\u00e8vement puisse d\u00e9passer les 20 \u20ac par habitant quitte \u00e0 ce que les taux des autres imp\u00f4ts soient l\u00e9g\u00e8rement diminu\u00e9s pour maintenir le total constant.<\/p>\n<p style=\"text-align: justify;\">Les d\u00e9penses d\u2019investissement de l\u2019EPFL concernent l\u2019habitat et le logement social (un peu plus d\u2019un tiers), le renouvellement urbain et le d\u00e9veloppement \u00e9conomique.<\/p>\n","protected":false},"excerpt":{"rendered":"<p>Le 12 mars le conseil d\u2019administration de l\u2019EPFL (\u00e9tablissement public foncier local) a vot\u00e9 son budget 2015. Tous les contribuables de l\u2019agglom\u00e9ration (et au-del\u00e0) devraient savoir qu\u2019ils financent par leurs imp\u00f4ts cet \u00e9tablissement public, qui est un acteur important et indispensable pour une politique fonci\u00e8re utile, m\u00eame si elle s\u2019av\u00e8re insuffisante \u00e0 l\u2019\u00e9chelle des 137 [&hellip;]<\/p>\n","protected":false},"author":1,"featured_media":0,"comment_status":"closed","ping_status":"open","sticky":false,"template":"","format":"standard","meta":{"twitterCardType":"","cardImageID":0,"cardImage":"","cardTitle":"","cardDesc":"","cardImageAlt":"","cardPlayer":"","cardPlayerWidth":0,"cardPlayerHeight":0,"cardPlayerStream":"","cardPlayerCodec":"","footnotes":""},"categories":[62,11],"tags":[66,32,65],"class_list":["post-9894","post","type-post","status-publish","format-standard","hentry","category-le-rouge-le-vert-hebdo","category-politique-locale","tag-logement","tag-metro","tag-urbanisme"],"_links":{"self":[{"href":"https:\/\/www.ades-grenoble.org\/wordpress\/wp-json\/wp\/v2\/posts\/9894","targetHints":{"allow":["GET"]}}],"collection":[{"href":"https:\/\/www.ades-grenoble.org\/wordpress\/wp-json\/wp\/v2\/posts"}],"about":[{"href":"https:\/\/www.ades-grenoble.org\/wordpress\/wp-json\/wp\/v2\/types\/post"}],"author":[{"embeddable":true,"href":"https:\/\/www.ades-grenoble.org\/wordpress\/wp-json\/wp\/v2\/users\/1"}],"replies":[{"embeddable":true,"href":"https:\/\/www.ades-grenoble.org\/wordpress\/wp-json\/wp\/v2\/comments?post=9894"}],"version-history":[{"count":2,"href":"https:\/\/www.ades-grenoble.org\/wordpress\/wp-json\/wp\/v2\/posts\/9894\/revisions"}],"predecessor-version":[{"id":9897,"href":"https:\/\/www.ades-grenoble.org\/wordpress\/wp-json\/wp\/v2\/posts\/9894\/revisions\/9897"}],"wp:attachment":[{"href":"https:\/\/www.ades-grenoble.org\/wordpress\/wp-json\/wp\/v2\/media?parent=9894"}],"wp:term":[{"taxonomy":"category","embeddable":true,"href":"https:\/\/www.ades-grenoble.org\/wordpress\/wp-json\/wp\/v2\/categories?post=9894"},{"taxonomy":"post_tag","embeddable":true,"href":"https:\/\/www.ades-grenoble.org\/wordpress\/wp-json\/wp\/v2\/tags?post=9894"}],"curies":[{"name":"wp","href":"https:\/\/api.w.org\/{rel}","templated":true}]}}